{"id":1134,"date":"2010-10-30T16:00:44","date_gmt":"2010-10-30T16:00:44","guid":{"rendered":"http:\/\/www.al-adala.de\/Neu\/?p=1134"},"modified":"2016-01-26T18:20:54","modified_gmt":"2016-01-26T18:20:54","slug":"was-ist-antisemitismus-3-teil","status":"publish","type":"post","link":"http:\/\/www.al-adala.de\/Neu\/was-ist-antisemitismus-3-teil\/","title":{"rendered":"Was ist Antisemitismus? (3. Teil)"},"content":{"rendered":"<blockquote>\n<p style=\"text-align: justify;\">Der Untermensch &#8211; jene biologisch scheinbar v\u00f6llig gleichgeartete Natursch\u00f6pfung mit H\u00e4nden, F\u00fc\u00dfen und einer Art von Gehirn, mit Augen und Mund, ist doch eine ganz andere, eine furchtbare Kreatur, ist nur ein Wurf zum Menschen hin, mit menschen\u00e4hnlichen Gesichtsz\u00fcgen &#8211; geistig, seelisch jedoch tiefer stehend als jedes Tier. Im Inneren dieses Menschen ein grausames Chaos wilder, hemmungsloser Leidenschaften: namenloser Zerst\u00f6rungswille, primitivste Begierde, unverh\u00fcllteste Gemeinheit, Untermensch &#8211; sonst nichts!<\/p>\n<p style=\"text-align: justify;\">[&#8230;] der Untermensch lebte. Er ha\u00dfte das Werk des anderen. Er w\u00fctete dagegen, heimlich als Dieb, \u00f6ffentlich als L\u00e4sterer &#8211; als M\u00f6rder. Er gesellte sich zu seinesgleichen.<br \/>\nDie Bestie rief die Bestie.<br \/>\nNie wahrte der Untermensch Frieden, nie gab er Ruhe. Denn er brauchte das Halbdunkle, das Chaos.<br \/>\nEr scheute das Licht des kulturellen Fortschritts.<br \/>\nEr brauchte zur Selbsterhaltung den Sumpf, die H\u00f6lle, nicht aber die Sonne. &#8211;<br \/>\nUnd diese Unterwelt der Untermenschen fand ihren F\u00fchrer: &#8211; den ewigen Juden!&#8230;&#8220;<\/p>\n<\/blockquote>\n<p style=\"text-align: justify; padding-left: 30px;\">(Hofer, Walther: Der Nationalsozialismus. Dokumente 1933-1945 \/ Fischer-B\u00fccherei &#8211; Frankfurt 1957)<\/p>\n<p style=\"text-align: justify;\"><!--more-->So schrieb es 1935 der Reichsf\u00fchrer der SS, <a href=\"http:\/\/de.wikipedia.org\/wiki\/Heinrich_Himmler\" target=\"_blank\">Heinrich Himmler<\/a>. Ein ersch\u00fctterndes Zeitdokument, vor allem f\u00fcr diejenigen die sich bisher noch nicht so detailiert mit dem Antisemitismus in Deutschland auseinandergesetzt haben. Es ist geradezu unglaublich, dass es zu dieser Zeit, also vor lediglich 75 Jahren, m\u00f6glich war, mit derartig hasserf\u00fcllten und offensichtlich ma\u00dflos \u00fcberzogenen Phrasen einen Volkszorn in Deutschland zu erzeugen, der im weiterem Verlauf die Ermordung von offiziell mehreren Millionen Juden erm\u00f6glichte.<\/p>\n<p style=\"text-align: justify;\">Ab diesem Punkt gab es eine klare Abgrenzung zum Antisemitismus aus christlicher und wirtschaftlicher Wurzel. Durch die vergiftete Literatur von Schriftstellern wie <a href=\"http:\/\/de.wikipedia.org\/wiki\/Gobineau\" target=\"_blank\">Arthur de Gobineau<\/a>, <a href=\"http:\/\/de.wikipedia.org\/wiki\/Houston_Stewart_Chamberlain\" target=\"_blank\">Houston Stewart Chamberlain<\/a> und dem antitheistischen Rasse-Philosophen <a href=\"http:\/\/de.wikipedia.org\/wiki\/Karl_Eugen_D%C3%BChring\" target=\"_blank\">Eugen D\u00fchring<\/a> bekam der rassistische Antisemitismus einen wissenschaftlichen Anstrich. Jude war Jude, allein aus seiner &#8222;rassischen Physiognomie&#8220; heraus.<\/p>\n<blockquote>\n<p style=\"text-align: justify;\">Durch Eugen D\u00fchrungs (1833-1921) Argumentation geriet in den rassischen Antisemitismus ein neuer Akzent. War bisher der Gedanke verbindlich gewesen, da\u00df durch Taufe die j\u00fcdische Existenz aufgehoben w\u00fcrde (&#8222;Taufe bricht Rasse&#8220;), so betonte D\u00fchring nachdr\u00fccklich, durch religi\u00f6se Akte werde an der rassischen Physiognomie nichts ge\u00e4ndert und durch sein &#8222;Blut&#8220; bleibe man unentrinnbar Jude.<\/p>\n<\/blockquote>\n<p style=\"text-align: justify; padding-left: 30px;\">(Quelle: Judentumskunde &#8211; Eine Einf\u00fchrung \/ Hans-Jochen Gamm \/ Seiten 41-42)<\/p>\n<p style=\"text-align: justify;\">Diese Rasse-Philosophie eines Eugen D\u00fchring wurde 1zu1 in den Propaganda-Apparat der NSDAP \u00fcbernommen, wie man z.B. im folgenden Auszug aus dem Kampf- und Werbeblatt der SS, <a href=\"http:\/\/de.wikipedia.org\/wiki\/Das_Schwarze_Korps\" target=\"_blank\">Das Schwarze Korp<\/a>, von 1938 entnehmen kann:<\/p>\n<blockquote>\n<p style=\"text-align: justify;\">F\u00fcr uns war, ist und bleibt der Jude unser Feind, dessen Wesensart ihm auf Grund seiner rassischen Zusammensetzung gebietet, Feind zu sein, und der nicht etwa aus eigenem Gutd\u00fcnken unser Freund werden kann. F\u00fcr uns gab es keinen &#8222;anst\u00e4ndigen&#8220; Juden, der ein so schlechter Jude ist, da\u00df er beinahe als Arier gelten k\u00f6nnte. Denn ein Mensch vermag seine Rasse nicht zu verleugnen, selbst wenn er\u00b4s wollte.<\/p>\n<\/blockquote>\n<p style=\"text-align: justify;\">Aber nicht nur innerhalb der NSDAP und in weiten Teilen der Bev\u00f6lkerung fiel dieser rassische Judenhass auf fruchtbaren Boden. Auch die christlichen Kirchen waren Steigb\u00fcgelhalter und Unterst\u00fctzer dieser unmenschlichen Ideologie. Speziell innerhalb der evangelischen Kirche kam es zu \u00dcberlegungen, die Religion zugunsten dieser Ideologie und ihrem F\u00fchrer zu ver\u00e4ndern und\u00a0 somit anzupassen.<\/p>\n<blockquote>\n<p style=\"text-align: justify;\">Seit den zwanziger Jahren machten sich Bestrebungen geltend, das &#8222;j\u00fcdische&#8220; Element in der \u00dcberlieferung zu tilgen. Das Alte Testament sollte wegen seines &#8222;undeutschen&#8220; Charakters aus dem Kanon entfernt und ein dem &#8222;germanischen Rassegef\u00fchl&#8220; entsprechend gereinigtes Christentum gepflegt werden. Die Gruppe der &#8222;Deutschen Christen&#8220;, die nach 1933 die F\u00fchrung innerhalb der Evangelischen Landeskirchen errang, kam neben der Anerkennung des &#8222;F\u00fchrers&#8220; als religi\u00f6se Rettergestalt folgerichtig auch zur Anwendung des Arierparagraphen&#8220;, d.h., Pastoren j\u00fcdischer Abstammung durften fernerhin nicht kirchliche Amtstr\u00e4ger bleiben.<\/p>\n<\/blockquote>\n<p style=\"text-align: justify; padding-left: 30px;\">(Quelle: Judentumskunde &#8211; Eine Einf\u00fchrung \/ Hans-Jochen Gamm \/ Seite 47)<\/p>\n<p style=\"text-align: justify;\">Das ist Antisemitismus&#8230;<\/p>\n<p style=\"text-align: justify;\"><a href=\"http:\/\/www.al-adala.de\/Neu\/was-ist-antisemitismus-4-teil\/\">[Fortsetzung &gt;&gt;]<\/a><\/p>\n<div class=\"pvc_clear\"><\/div>\n<p id=\"pvc_stats_1134\" class=\"pvc_stats all  \" data-element-id=\"1134\" style=\"\"><i class=\"pvc-stats-icon medium\" aria-hidden=\"true\"><svg aria-hidden=\"true\" focusable=\"false\" data-prefix=\"far\" data-icon=\"chart-bar\" role=\"img\" xmlns=\"http:\/\/www.w3.org\/2000\/svg\" viewBox=\"0 0 512 512\" class=\"svg-inline--fa fa-chart-bar fa-w-16 fa-2x\"><path fill=\"currentColor\" d=\"M396.8 352h22.4c6.4 0 12.8-6.4 12.8-12.8V108.8c0-6.4-6.4-12.8-12.8-12.8h-22.4c-6.4 0-12.8 6.4-12.8 12.8v230.4c0 6.4 6.4 12.8 12.8 12.8zm-192 0h22.4c6.4 0 12.8-6.4 12.8-12.8V140.8c0-6.4-6.4-12.8-12.8-12.8h-22.4c-6.4 0-12.8 6.4-12.8 12.8v198.4c0 6.4 6.4 12.8 12.8 12.8zm96 0h22.4c6.4 0 12.8-6.4 12.8-12.8V204.8c0-6.4-6.4-12.8-12.8-12.8h-22.4c-6.4 0-12.8 6.4-12.8 12.8v134.4c0 6.4 6.4 12.8 12.8 12.8zM496 400H48V80c0-8.84-7.16-16-16-16H16C7.16 64 0 71.16 0 80v336c0 17.67 14.33 32 32 32h464c8.84 0 16-7.16 16-16v-16c0-8.84-7.16-16-16-16zm-387.2-48h22.4c6.4 0 12.8-6.4 12.8-12.8v-70.4c0-6.4-6.4-12.8-12.8-12.8h-22.4c-6.4 0-12.8 6.4-12.8 12.8v70.4c0 6.4 6.4 12.8 12.8 12.8z\" class=\"\"><\/path><\/svg><\/i> <img loading=\"lazy\" decoding=\"async\" width=\"16\" height=\"16\" alt=\"Loading\" src=\"http:\/\/www.al-adala.de\/Neu\/wp-content\/plugins\/page-views-count\/ajax-loader-2x.gif\" border=0 \/><\/p>\n<div class=\"pvc_clear\"><\/div>\n","protected":false},"excerpt":{"rendered":"<p>Der Untermensch &#8211; jene biologisch scheinbar v\u00f6llig gleichgeartete Natursch\u00f6pfung mit H\u00e4nden, F\u00fc\u00dfen und einer Art von Gehirn, mit Augen und Mund, ist doch eine ganz andere, eine furchtbare Kreatur, ist nur ein Wurf zum Menschen hin, mit menschen\u00e4hnlichen Gesichtsz\u00fcgen &#8211; geistig, seelisch jedoch tiefer stehend als jedes Tier. Im Inneren dieses Menschen ein grausames Chaos &hellip; <a href=\"http:\/\/www.al-adala.de\/Neu\/was-ist-antisemitismus-3-teil\/\" class=\"more-link\"><span class=\"screen-reader-text\">Was ist Antisemitismus? (3. Teil)<\/span> weiterlesen <span class=\"meta-nav\">&rarr;<\/span><\/a><\/p>\n<div class=\"pvc_clear\"><\/div>\n<p id=\"pvc_stats_1134\" class=\"pvc_stats all  \" data-element-id=\"1134\" style=\"\"><i class=\"pvc-stats-icon medium\" aria-hidden=\"true\"><svg aria-hidden=\"true\" focusable=\"false\" data-prefix=\"far\" data-icon=\"chart-bar\" role=\"img\" xmlns=\"http:\/\/www.w3.org\/2000\/svg\" viewBox=\"0 0 512 512\" class=\"svg-inline--fa fa-chart-bar fa-w-16 fa-2x\"><path fill=\"currentColor\" d=\"M396.8 352h22.4c6.4 0 12.8-6.4 12.8-12.8V108.8c0-6.4-6.4-12.8-12.8-12.8h-22.4c-6.4 0-12.8 6.4-12.8 12.8v230.4c0 6.4 6.4 12.8 12.8 12.8zm-192 0h22.4c6.4 0 12.8-6.4 12.8-12.8V140.8c0-6.4-6.4-12.8-12.8-12.8h-22.4c-6.4 0-12.8 6.4-12.8 12.8v198.4c0 6.4 6.4 12.8 12.8 12.8zm96 0h22.4c6.4 0 12.8-6.4 12.8-12.8V204.8c0-6.4-6.4-12.8-12.8-12.8h-22.4c-6.4 0-12.8 6.4-12.8 12.8v134.4c0 6.4 6.4 12.8 12.8 12.8zM496 400H48V80c0-8.84-7.16-16-16-16H16C7.16 64 0 71.16 0 80v336c0 17.67 14.33 32 32 32h464c8.84 0 16-7.16 16-16v-16c0-8.84-7.16-16-16-16zm-387.2-48h22.4c6.4 0 12.8-6.4 12.8-12.8v-70.4c0-6.4-6.4-12.8-12.8-12.8h-22.4c-6.4 0-12.8 6.4-12.8 12.8v70.4c0 6.4 6.4 12.8 12.8 12.8z\" class=\"\"><\/path><\/svg><\/i> <img loading=\"lazy\" decoding=\"async\" width=\"16\" height=\"16\" alt=\"Loading\" src=\"http:\/\/www.al-adala.de\/Neu\/wp-content\/plugins\/page-views-count\/ajax-loader-2x.gif\" border=0 \/><\/p>\n<div class=\"pvc_clear\"><\/div>\n","protected":false},"author":1,"featured_media":0,"comment_status":"open","ping_status":"open","sticky":false,"template":"","format":"standard","meta":{"footnotes":""},"categories":[1,5],"tags":[62,61,73,421,34],"a3_pvc":{"activated":true,"total_views":270,"today_views":8},"_links":{"self":[{"href":"http:\/\/www.al-adala.de\/Neu\/wp-json\/wp\/v2\/posts\/1134"}],"collection":[{"href":"http:\/\/www.al-adala.de\/Neu\/wp-json\/wp\/v2\/posts"}],"about":[{"href":"http:\/\/www.al-adala.de\/Neu\/wp-json\/wp\/v2\/types\/post"}],"author":[{"embeddable":true,"href":"http:\/\/www.al-adala.de\/Neu\/wp-json\/wp\/v2\/users\/1"}],"replies":[{"embeddable":true,"href":"http:\/\/www.al-adala.de\/Neu\/wp-json\/wp\/v2\/comments?post=1134"}],"version-history":[{"count":3,"href":"http:\/\/www.al-adala.de\/Neu\/wp-json\/wp\/v2\/posts\/1134\/revisions"}],"predecessor-version":[{"id":2500,"href":"http:\/\/www.al-adala.de\/Neu\/wp-json\/wp\/v2\/posts\/1134\/revisions\/2500"}],"wp:attachment":[{"href":"http:\/\/www.al-adala.de\/Neu\/wp-json\/wp\/v2\/media?parent=1134"}],"wp:term":[{"taxonomy":"category","embeddable":true,"href":"http:\/\/www.al-adala.de\/Neu\/wp-json\/wp\/v2\/categories?post=1134"},{"taxonomy":"post_tag","embeddable":true,"href":"http:\/\/www.al-adala.de\/Neu\/wp-json\/wp\/v2\/tags?post=1134"}],"curies":[{"name":"wp","href":"https:\/\/api.w.org\/{rel}","templated":true}]}}