{"id":1780,"date":"2015-05-13T11:23:21","date_gmt":"2015-05-13T11:23:21","guid":{"rendered":"http:\/\/www.al-adala.de\/Neu\/?p=1780"},"modified":"2015-05-13T11:23:21","modified_gmt":"2015-05-13T11:23:21","slug":"kurz-gesagt-juhuuu-mein-moerder-war-demokratisch-legitimiert","status":"publish","type":"post","link":"http:\/\/www.al-adala.de\/Neu\/kurz-gesagt-juhuuu-mein-moerder-war-demokratisch-legitimiert\/","title":{"rendered":"Kurz gesagt: Juhuuu, mein M\u00f6rder war demokratisch legitimiert"},"content":{"rendered":"<p style=\"text-align: justify;\">Dass Muslime ihre Kriegshandlungen angeblich immer mit dem Quran rechtfertigen, wird von Nichtmuslimen grunds\u00e4tzlich negativ konnotiert. Aber womit rechtfertigen sie denn ihre Kriegshandlungen?<\/p>\n<p style=\"text-align: justify;\">Mit Parlamentsbeschl\u00fcssen?<\/p>\n<p style=\"text-align: justify;\">Und? Macht das die Opfer jetzt gl\u00fccklicher?<\/p>\n<div class=\"text_exposed_show\">\n<blockquote>\n<p style=\"text-align: justify;\">&#8222;Juhuuu, mein M\u00f6rder war demokratisch legitimiert. Da f\u00fchle ich mich doch gleich viel heimeliger, hier, so in meinen eigenen dampfenden Ged\u00e4rmen liegend &#8230; die parlamentarisch gerechtfertigte Drohne noch am Himmel h\u00f6rend.&#8220;<\/p>\n<\/blockquote>\n<\/div>\n<div class=\"pvc_clear\"><\/div>\n<p id=\"pvc_stats_1780\" class=\"pvc_stats all  \" data-element-id=\"1780\" style=\"\"><i class=\"pvc-stats-icon medium\" aria-hidden=\"true\"><svg aria-hidden=\"true\" focusable=\"false\" data-prefix=\"far\" data-icon=\"chart-bar\" role=\"img\" xmlns=\"http:\/\/www.w3.org\/2000\/svg\" viewBox=\"0 0 512 512\" class=\"svg-inline--fa fa-chart-bar fa-w-16 fa-2x\"><path fill=\"currentColor\" d=\"M396.8 352h22.4c6.4 0 12.8-6.4 12.8-12.8V108.8c0-6.4-6.4-12.8-12.8-12.8h-22.4c-6.4 0-12.8 6.4-12.8 12.8v230.4c0 6.4 6.4 12.8 12.8 12.8zm-192 0h22.4c6.4 0 12.8-6.4 12.8-12.8V140.8c0-6.4-6.4-12.8-12.8-12.8h-22.4c-6.4 0-12.8 6.4-12.8 12.8v198.4c0 6.4 6.4 12.8 12.8 12.8zm96 0h22.4c6.4 0 12.8-6.4 12.8-12.8V204.8c0-6.4-6.4-12.8-12.8-12.8h-22.4c-6.4 0-12.8 6.4-12.8 12.8v134.4c0 6.4 6.4 12.8 12.8 12.8zM496 400H48V80c0-8.84-7.16-16-16-16H16C7.16 64 0 71.16 0 80v336c0 17.67 14.33 32 32 32h464c8.84 0 16-7.16 16-16v-16c0-8.84-7.16-16-16-16zm-387.2-48h22.4c6.4 0 12.8-6.4 12.8-12.8v-70.4c0-6.4-6.4-12.8-12.8-12.8h-22.4c-6.4 0-12.8 6.4-12.8 12.8v70.4c0 6.4 6.4 12.8 12.8 12.8z\" class=\"\"><\/path><\/svg><\/i> <img loading=\"lazy\" decoding=\"async\" width=\"16\" height=\"16\" alt=\"Loading\" src=\"http:\/\/www.al-adala.de\/Neu\/wp-content\/plugins\/page-views-count\/ajax-loader-2x.gif\" border=0 \/><\/p>\n<div class=\"pvc_clear\"><\/div>\n","protected":false},"excerpt":{"rendered":"<p>Dass Muslime ihre Kriegshandlungen angeblich immer mit dem Quran rechtfertigen, wird von Nichtmuslimen grunds\u00e4tzlich negativ konnotiert. Aber womit rechtfertigen sie denn ihre Kriegshandlungen? Mit Parlamentsbeschl\u00fcssen? Und? Macht das die Opfer jetzt gl\u00fccklicher? &#8222;Juhuuu, mein M\u00f6rder war demokratisch legitimiert. Da f\u00fchle ich mich doch gleich viel heimeliger, hier, so in meinen eigenen dampfenden Ged\u00e4rmen liegend &#8230; &hellip; <a href=\"http:\/\/www.al-adala.de\/Neu\/kurz-gesagt-juhuuu-mein-moerder-war-demokratisch-legitimiert\/\" class=\"more-link\"><span class=\"screen-reader-text\">Kurz gesagt: Juhuuu, mein M\u00f6rder war demokratisch legitimiert<\/span> weiterlesen <span class=\"meta-nav\">&rarr;<\/span><\/a><\/p>\n<div class=\"pvc_clear\"><\/div>\n<p id=\"pvc_stats_1780\" class=\"pvc_stats all  \" data-element-id=\"1780\" style=\"\"><i class=\"pvc-stats-icon medium\" aria-hidden=\"true\"><svg aria-hidden=\"true\" focusable=\"false\" data-prefix=\"far\" data-icon=\"chart-bar\" role=\"img\" xmlns=\"http:\/\/www.w3.org\/2000\/svg\" viewBox=\"0 0 512 512\" class=\"svg-inline--fa fa-chart-bar fa-w-16 fa-2x\"><path fill=\"currentColor\" d=\"M396.8 352h22.4c6.4 0 12.8-6.4 12.8-12.8V108.8c0-6.4-6.4-12.8-12.8-12.8h-22.4c-6.4 0-12.8 6.4-12.8 12.8v230.4c0 6.4 6.4 12.8 12.8 12.8zm-192 0h22.4c6.4 0 12.8-6.4 12.8-12.8V140.8c0-6.4-6.4-12.8-12.8-12.8h-22.4c-6.4 0-12.8 6.4-12.8 12.8v198.4c0 6.4 6.4 12.8 12.8 12.8zm96 0h22.4c6.4 0 12.8-6.4 12.8-12.8V204.8c0-6.4-6.4-12.8-12.8-12.8h-22.4c-6.4 0-12.8 6.4-12.8 12.8v134.4c0 6.4 6.4 12.8 12.8 12.8zM496 400H48V80c0-8.84-7.16-16-16-16H16C7.16 64 0 71.16 0 80v336c0 17.67 14.33 32 32 32h464c8.84 0 16-7.16 16-16v-16c0-8.84-7.16-16-16-16zm-387.2-48h22.4c6.4 0 12.8-6.4 12.8-12.8v-70.4c0-6.4-6.4-12.8-12.8-12.8h-22.4c-6.4 0-12.8 6.4-12.8 12.8v70.4c0 6.4 6.4 12.8 12.8 12.8z\" class=\"\"><\/path><\/svg><\/i> <img loading=\"lazy\" decoding=\"async\" width=\"16\" height=\"16\" alt=\"Loading\" src=\"http:\/\/www.al-adala.de\/Neu\/wp-content\/plugins\/page-views-count\/ajax-loader-2x.gif\" border=0 \/><\/p>\n<div class=\"pvc_clear\"><\/div>\n","protected":false},"author":1,"featured_media":0,"comment_status":"open","ping_status":"open","sticky":false,"template":"","format":"standard","meta":{"footnotes":""},"categories":[1],"tags":[10,602,65,183,548,118,75],"a3_pvc":{"activated":true,"total_views":138,"today_views":0},"_links":{"self":[{"href":"http:\/\/www.al-adala.de\/Neu\/wp-json\/wp\/v2\/posts\/1780"}],"collection":[{"href":"http:\/\/www.al-adala.de\/Neu\/wp-json\/wp\/v2\/posts"}],"about":[{"href":"http:\/\/www.al-adala.de\/Neu\/wp-json\/wp\/v2\/types\/post"}],"author":[{"embeddable":true,"href":"http:\/\/www.al-adala.de\/Neu\/wp-json\/wp\/v2\/users\/1"}],"replies":[{"embeddable":true,"href":"http:\/\/www.al-adala.de\/Neu\/wp-json\/wp\/v2\/comments?post=1780"}],"version-history":[{"count":1,"href":"http:\/\/www.al-adala.de\/Neu\/wp-json\/wp\/v2\/posts\/1780\/revisions"}],"predecessor-version":[{"id":1781,"href":"http:\/\/www.al-adala.de\/Neu\/wp-json\/wp\/v2\/posts\/1780\/revisions\/1781"}],"wp:attachment":[{"href":"http:\/\/www.al-adala.de\/Neu\/wp-json\/wp\/v2\/media?parent=1780"}],"wp:term":[{"taxonomy":"category","embeddable":true,"href":"http:\/\/www.al-adala.de\/Neu\/wp-json\/wp\/v2\/categories?post=1780"},{"taxonomy":"post_tag","embeddable":true,"href":"http:\/\/www.al-adala.de\/Neu\/wp-json\/wp\/v2\/tags?post=1780"}],"curies":[{"name":"wp","href":"https:\/\/api.w.org\/{rel}","templated":true}]}}