{"id":1846,"date":"2015-05-23T08:08:02","date_gmt":"2015-05-23T08:08:02","guid":{"rendered":"http:\/\/www.al-adala.de\/Neu\/?p=1846"},"modified":"2015-05-23T10:43:40","modified_gmt":"2015-05-23T10:43:40","slug":"die-politik-mit-der-angst-bka-chef-wirbt-ungeniert-um-die-ausweitung-des-polizeistaates","status":"publish","type":"post","link":"http:\/\/www.al-adala.de\/Neu\/die-politik-mit-der-angst-bka-chef-wirbt-ungeniert-um-die-ausweitung-des-polizeistaates\/","title":{"rendered":"Die Politik mit der Angst: BKA-Chef wirbt ungeniert um die Ausweitung des Polizeistaates"},"content":{"rendered":"<p><a href=\"http:\/\/www.wn.de\/Welt\/Politik\/1984740-Terrorismus-BKA-Chef-Polizei-kommt-bei-Islamismus-an-Kapazitaetsgrenzen\" target=\"_blank\"><em> Terrorismus<\/em><\/a><br \/>\n<strong><a href=\"http:\/\/www.wn.de\/Welt\/Politik\/1984740-Terrorismus-BKA-Chef-Polizei-kommt-bei-Islamismus-an-Kapazitaetsgrenzen\" target=\"_blank\">BKA-Chef: Polizei kommt bei Islamismus an Kapazit\u00e4tsgrenzen<\/a><\/strong><\/p>\n<p style=\"text-align: justify;\">&#8230; so lautet die Schlagzeile des Beitrages auf der Website der <em>Westf\u00e4lischen Nachrichten<\/em>.<\/p>\n<p style=\"text-align: justify;\">Es ist schon fast peinlich, in welch ungenierter Weise der Staat mittlerweile offen um die Ausweitung seiner exekutiven Gewalten wirbt und dabei mit den \u00c4ngsten der B\u00fcrger spielt.<\/p>\n<p style=\"text-align: justify;\">Die Worte <em>\u00abTerror\/Terrorismus\u00bb<\/em> und <em>\u00abIslamismus, -isten &amp; -istisch\u00bb<\/em> sind allgegenw\u00e4rtig im Text und erwecken den Eindruck, als w\u00fcrde die BRD gegenw\u00e4rtig geradezu im <em>&#8222;islamistischen Terrorismus&#8220;<\/em> versinken.<\/p>\n<p style=\"text-align: justify;\"><!--more-->Der Realit\u00e4t wird diese Darstellung jedoch nicht gerecht. Vielmehr stellen sich &#8211; zuvor medial gro\u00df ausgeschlachtete &#8211; <em>\u00abIslamistische Terrorwarnungen\u00bb<\/em> im nachhinein nicht selten als Finten und Enten heraus (wie k\u00fcrzlich die verh\u00e4ltnism\u00e4\u00dfig kleine Meldung, dass die Terrorismuswarnung, die zur Absage des Karnevalsumzuges in Braunsschweig sorgte, wohl doch keinen islamistischen Hintergrund hatte).<\/p>\n<p style=\"text-align: justify;\">17 mal kommt in diesem kurzen Beitrag der &#8222;Westf\u00e4lischen Nachrichten&#8220; das Wort \u00abIslam\u00bb in seinen uns\u00e4glich angsteinfl\u00f6\u00dfenden Varianten (Islamismus, islamistisch, Islamisten) vor.<\/p>\n<p style=\"text-align: justify;\">Am Ende bewirbt man sich hier lediglich darum, den Polizeistaat ausbauen zu d\u00fcrfen, in dem es sowieso schon zu viele Ungereimtheiten und Machtmissbr\u00e4uche (wie BND-NSA-Affaire, ausufernde Polizeigewalt bei Verkehrskontrollen &amp; gegen Fl\u00fcchtlinge usw) gibt.<\/p>\n<p style=\"text-align: justify;\">Eines dieser \u00abHunderte Ermittlungsverfahren\u00bb, welche der BKA-Staatsknecht als Argument auff\u00e4hrt, durfte auch ich \u00fcber mich ergehen lassen, weil ich es als angeblich &#8222;gef\u00e4hrlicher Islamist&#8220; wagte, eine frei k\u00e4ufliche und vollkommen legale Dekowaffe zu erwerben und diese mit einem deutlichen Hinweis darauf (dass es eine Dekowaffe ist und wo ich sie erworben habe) auf Facebook pr\u00e4sentierte.<\/p>\n<p style=\"text-align: justify;\">Dabei kam am Ende ein Ermittlungsverfahren wegen Versto\u00dfes gegen das Kriegswaffenkontrollgesetz heraus &#8230; welches im Nachgang nat\u00fcrlich eingestellt wurde.<\/p>\n<p style=\"text-align: justify;\">Aber so schafft man nun einmal die notwendigen Quoten &#8230;<\/p>\n<div class=\"pvc_clear\"><\/div>\n<p id=\"pvc_stats_1846\" class=\"pvc_stats all  \" data-element-id=\"1846\" style=\"\"><i class=\"pvc-stats-icon medium\" aria-hidden=\"true\"><svg aria-hidden=\"true\" focusable=\"false\" data-prefix=\"far\" data-icon=\"chart-bar\" role=\"img\" xmlns=\"http:\/\/www.w3.org\/2000\/svg\" viewBox=\"0 0 512 512\" class=\"svg-inline--fa fa-chart-bar fa-w-16 fa-2x\"><path fill=\"currentColor\" d=\"M396.8 352h22.4c6.4 0 12.8-6.4 12.8-12.8V108.8c0-6.4-6.4-12.8-12.8-12.8h-22.4c-6.4 0-12.8 6.4-12.8 12.8v230.4c0 6.4 6.4 12.8 12.8 12.8zm-192 0h22.4c6.4 0 12.8-6.4 12.8-12.8V140.8c0-6.4-6.4-12.8-12.8-12.8h-22.4c-6.4 0-12.8 6.4-12.8 12.8v198.4c0 6.4 6.4 12.8 12.8 12.8zm96 0h22.4c6.4 0 12.8-6.4 12.8-12.8V204.8c0-6.4-6.4-12.8-12.8-12.8h-22.4c-6.4 0-12.8 6.4-12.8 12.8v134.4c0 6.4 6.4 12.8 12.8 12.8zM496 400H48V80c0-8.84-7.16-16-16-16H16C7.16 64 0 71.16 0 80v336c0 17.67 14.33 32 32 32h464c8.84 0 16-7.16 16-16v-16c0-8.84-7.16-16-16-16zm-387.2-48h22.4c6.4 0 12.8-6.4 12.8-12.8v-70.4c0-6.4-6.4-12.8-12.8-12.8h-22.4c-6.4 0-12.8 6.4-12.8 12.8v70.4c0 6.4 6.4 12.8 12.8 12.8z\" class=\"\"><\/path><\/svg><\/i> <img loading=\"lazy\" decoding=\"async\" width=\"16\" height=\"16\" alt=\"Loading\" src=\"http:\/\/www.al-adala.de\/Neu\/wp-content\/plugins\/page-views-count\/ajax-loader-2x.gif\" border=0 \/><\/p>\n<div class=\"pvc_clear\"><\/div>\n","protected":false},"excerpt":{"rendered":"<p>Terrorismus BKA-Chef: Polizei kommt bei Islamismus an Kapazit\u00e4tsgrenzen &#8230; so lautet die Schlagzeile des Beitrages auf der Website der Westf\u00e4lischen Nachrichten. Es ist schon fast peinlich, in welch ungenierter Weise der Staat mittlerweile offen um die Ausweitung seiner exekutiven Gewalten wirbt und dabei mit den \u00c4ngsten der B\u00fcrger spielt. Die Worte \u00abTerror\/Terrorismus\u00bb und \u00abIslamismus, -isten &hellip; <a href=\"http:\/\/www.al-adala.de\/Neu\/die-politik-mit-der-angst-bka-chef-wirbt-ungeniert-um-die-ausweitung-des-polizeistaates\/\" class=\"more-link\"><span class=\"screen-reader-text\">Die Politik mit der Angst: BKA-Chef wirbt ungeniert um die Ausweitung des Polizeistaates<\/span> weiterlesen <span class=\"meta-nav\">&rarr;<\/span><\/a><\/p>\n<div class=\"pvc_clear\"><\/div>\n<p id=\"pvc_stats_1846\" class=\"pvc_stats all  \" data-element-id=\"1846\" style=\"\"><i class=\"pvc-stats-icon medium\" aria-hidden=\"true\"><svg aria-hidden=\"true\" focusable=\"false\" data-prefix=\"far\" data-icon=\"chart-bar\" role=\"img\" xmlns=\"http:\/\/www.w3.org\/2000\/svg\" viewBox=\"0 0 512 512\" class=\"svg-inline--fa fa-chart-bar fa-w-16 fa-2x\"><path fill=\"currentColor\" d=\"M396.8 352h22.4c6.4 0 12.8-6.4 12.8-12.8V108.8c0-6.4-6.4-12.8-12.8-12.8h-22.4c-6.4 0-12.8 6.4-12.8 12.8v230.4c0 6.4 6.4 12.8 12.8 12.8zm-192 0h22.4c6.4 0 12.8-6.4 12.8-12.8V140.8c0-6.4-6.4-12.8-12.8-12.8h-22.4c-6.4 0-12.8 6.4-12.8 12.8v198.4c0 6.4 6.4 12.8 12.8 12.8zm96 0h22.4c6.4 0 12.8-6.4 12.8-12.8V204.8c0-6.4-6.4-12.8-12.8-12.8h-22.4c-6.4 0-12.8 6.4-12.8 12.8v134.4c0 6.4 6.4 12.8 12.8 12.8zM496 400H48V80c0-8.84-7.16-16-16-16H16C7.16 64 0 71.16 0 80v336c0 17.67 14.33 32 32 32h464c8.84 0 16-7.16 16-16v-16c0-8.84-7.16-16-16-16zm-387.2-48h22.4c6.4 0 12.8-6.4 12.8-12.8v-70.4c0-6.4-6.4-12.8-12.8-12.8h-22.4c-6.4 0-12.8 6.4-12.8 12.8v70.4c0 6.4 6.4 12.8 12.8 12.8z\" class=\"\"><\/path><\/svg><\/i> <img loading=\"lazy\" decoding=\"async\" width=\"16\" height=\"16\" alt=\"Loading\" src=\"http:\/\/www.al-adala.de\/Neu\/wp-content\/plugins\/page-views-count\/ajax-loader-2x.gif\" border=0 \/><\/p>\n<div class=\"pvc_clear\"><\/div>\n","protected":false},"author":1,"featured_media":0,"comment_status":"open","ping_status":"open","sticky":false,"template":"","format":"standard","meta":{"footnotes":""},"categories":[1,158],"tags":[510,610,210,148,373,280,94,11],"a3_pvc":{"activated":true,"total_views":173,"today_views":4},"_links":{"self":[{"href":"http:\/\/www.al-adala.de\/Neu\/wp-json\/wp\/v2\/posts\/1846"}],"collection":[{"href":"http:\/\/www.al-adala.de\/Neu\/wp-json\/wp\/v2\/posts"}],"about":[{"href":"http:\/\/www.al-adala.de\/Neu\/wp-json\/wp\/v2\/types\/post"}],"author":[{"embeddable":true,"href":"http:\/\/www.al-adala.de\/Neu\/wp-json\/wp\/v2\/users\/1"}],"replies":[{"embeddable":true,"href":"http:\/\/www.al-adala.de\/Neu\/wp-json\/wp\/v2\/comments?post=1846"}],"version-history":[{"count":2,"href":"http:\/\/www.al-adala.de\/Neu\/wp-json\/wp\/v2\/posts\/1846\/revisions"}],"predecessor-version":[{"id":1848,"href":"http:\/\/www.al-adala.de\/Neu\/wp-json\/wp\/v2\/posts\/1846\/revisions\/1848"}],"wp:attachment":[{"href":"http:\/\/www.al-adala.de\/Neu\/wp-json\/wp\/v2\/media?parent=1846"}],"wp:term":[{"taxonomy":"category","embeddable":true,"href":"http:\/\/www.al-adala.de\/Neu\/wp-json\/wp\/v2\/categories?post=1846"},{"taxonomy":"post_tag","embeddable":true,"href":"http:\/\/www.al-adala.de\/Neu\/wp-json\/wp\/v2\/tags?post=1846"}],"curies":[{"name":"wp","href":"https:\/\/api.w.org\/{rel}","templated":true}]}}