{"id":204,"date":"2011-04-24T20:15:42","date_gmt":"2011-04-24T20:15:42","guid":{"rendered":"http:\/\/www.al-adala.de\/Neu\/?p=204"},"modified":"2015-03-18T19:36:58","modified_gmt":"2015-03-18T19:36:58","slug":"zitat-emil-ludwig-der-dankbare-zionist","status":"publish","type":"post","link":"http:\/\/www.al-adala.de\/Neu\/zitat-emil-ludwig-der-dankbare-zionist\/","title":{"rendered":"Zitat: Emil Ludwig &#8211; Der dankbare Zionist"},"content":{"rendered":"<blockquote>\n<p style=\"text-align: justify;\">&#8222;Hitler wird in ein paar Jahren in Vergessenheit geraten sein, doch er wird ein wundervolles Denkmal in Pal\u00e4stina haben. [&#8230;] Wissen Sie [&#8230;] das Auftauchen der Nazis war eigentlich sehr willkommen. So viele unserer deutschen Juden trieben zwischen zwei Ufern, so viele schwammen mit der tr\u00fcgerischen Str\u00f6mung zwischen der <a href=\"http:\/\/de.wikipedia.org\/wiki\/Scylla\" target=\"_blank\">Scylla<\/a> der Assimilation und der <a href=\"http:\/\/de.wikipedia.org\/wiki\/Charybdis\" target=\"_blank\">Charybdis<\/a> einer fl\u00fcchtigen Bekanntschaft mit j\u00fcdischen Fragen. Tausende, die v\u00f6llig f\u00fcr das Judentum verloren schienen, kehrten durch Hitler in den Scho\u00df der Gemeinde zur\u00fcck, und daf\u00fcr bin ich pers\u00f6nlich ihm sehr dankbar.&#8220;<\/p>\n<p>(<span class=\"postbody\">Steinglass, Meyer: <a href=\"http:\/\/de.wikipedia.org\/wiki\/Emil_Ludwig\" target=\"_blank\">Emil Ludwig<\/a> before the Judge, erschien in American Jewish Times, April 1936, S. 35<\/span>)<\/p><\/blockquote>\n<div class=\"pvc_clear\"><\/div>\n<p id=\"pvc_stats_204\" class=\"pvc_stats all  \" data-element-id=\"204\" style=\"\"><i class=\"pvc-stats-icon medium\" aria-hidden=\"true\"><svg aria-hidden=\"true\" focusable=\"false\" data-prefix=\"far\" data-icon=\"chart-bar\" role=\"img\" xmlns=\"http:\/\/www.w3.org\/2000\/svg\" viewBox=\"0 0 512 512\" class=\"svg-inline--fa fa-chart-bar fa-w-16 fa-2x\"><path fill=\"currentColor\" d=\"M396.8 352h22.4c6.4 0 12.8-6.4 12.8-12.8V108.8c0-6.4-6.4-12.8-12.8-12.8h-22.4c-6.4 0-12.8 6.4-12.8 12.8v230.4c0 6.4 6.4 12.8 12.8 12.8zm-192 0h22.4c6.4 0 12.8-6.4 12.8-12.8V140.8c0-6.4-6.4-12.8-12.8-12.8h-22.4c-6.4 0-12.8 6.4-12.8 12.8v198.4c0 6.4 6.4 12.8 12.8 12.8zm96 0h22.4c6.4 0 12.8-6.4 12.8-12.8V204.8c0-6.4-6.4-12.8-12.8-12.8h-22.4c-6.4 0-12.8 6.4-12.8 12.8v134.4c0 6.4 6.4 12.8 12.8 12.8zM496 400H48V80c0-8.84-7.16-16-16-16H16C7.16 64 0 71.16 0 80v336c0 17.67 14.33 32 32 32h464c8.84 0 16-7.16 16-16v-16c0-8.84-7.16-16-16-16zm-387.2-48h22.4c6.4 0 12.8-6.4 12.8-12.8v-70.4c0-6.4-6.4-12.8-12.8-12.8h-22.4c-6.4 0-12.8 6.4-12.8 12.8v70.4c0 6.4 6.4 12.8 12.8 12.8z\" class=\"\"><\/path><\/svg><\/i> <img loading=\"lazy\" decoding=\"async\" width=\"16\" height=\"16\" alt=\"Loading\" src=\"http:\/\/www.al-adala.de\/Neu\/wp-content\/plugins\/page-views-count\/ajax-loader-2x.gif\" border=0 \/><\/p>\n<div class=\"pvc_clear\"><\/div>\n","protected":false},"excerpt":{"rendered":"<p>&#8222;Hitler wird in ein paar Jahren in Vergessenheit geraten sein, doch er wird ein wundervolles Denkmal in Pal\u00e4stina haben. [&#8230;] Wissen Sie [&#8230;] das Auftauchen der Nazis war eigentlich sehr willkommen. So viele unserer deutschen Juden trieben zwischen zwei Ufern, so viele schwammen mit der tr\u00fcgerischen Str\u00f6mung zwischen der Scylla der Assimilation und der Charybdis &hellip; <a href=\"http:\/\/www.al-adala.de\/Neu\/zitat-emil-ludwig-der-dankbare-zionist\/\" class=\"more-link\"><span class=\"screen-reader-text\">Zitat: Emil Ludwig &#8211; Der dankbare Zionist<\/span> weiterlesen <span class=\"meta-nav\">&rarr;<\/span><\/a><\/p>\n<div class=\"pvc_clear\"><\/div>\n<p id=\"pvc_stats_204\" class=\"pvc_stats all  \" data-element-id=\"204\" style=\"\"><i class=\"pvc-stats-icon medium\" aria-hidden=\"true\"><svg aria-hidden=\"true\" focusable=\"false\" data-prefix=\"far\" data-icon=\"chart-bar\" role=\"img\" xmlns=\"http:\/\/www.w3.org\/2000\/svg\" viewBox=\"0 0 512 512\" class=\"svg-inline--fa fa-chart-bar fa-w-16 fa-2x\"><path fill=\"currentColor\" d=\"M396.8 352h22.4c6.4 0 12.8-6.4 12.8-12.8V108.8c0-6.4-6.4-12.8-12.8-12.8h-22.4c-6.4 0-12.8 6.4-12.8 12.8v230.4c0 6.4 6.4 12.8 12.8 12.8zm-192 0h22.4c6.4 0 12.8-6.4 12.8-12.8V140.8c0-6.4-6.4-12.8-12.8-12.8h-22.4c-6.4 0-12.8 6.4-12.8 12.8v198.4c0 6.4 6.4 12.8 12.8 12.8zm96 0h22.4c6.4 0 12.8-6.4 12.8-12.8V204.8c0-6.4-6.4-12.8-12.8-12.8h-22.4c-6.4 0-12.8 6.4-12.8 12.8v134.4c0 6.4 6.4 12.8 12.8 12.8zM496 400H48V80c0-8.84-7.16-16-16-16H16C7.16 64 0 71.16 0 80v336c0 17.67 14.33 32 32 32h464c8.84 0 16-7.16 16-16v-16c0-8.84-7.16-16-16-16zm-387.2-48h22.4c6.4 0 12.8-6.4 12.8-12.8v-70.4c0-6.4-6.4-12.8-12.8-12.8h-22.4c-6.4 0-12.8 6.4-12.8 12.8v70.4c0 6.4 6.4 12.8 12.8 12.8z\" class=\"\"><\/path><\/svg><\/i> <img loading=\"lazy\" decoding=\"async\" width=\"16\" height=\"16\" alt=\"Loading\" src=\"http:\/\/www.al-adala.de\/Neu\/wp-content\/plugins\/page-views-count\/ajax-loader-2x.gif\" border=0 \/><\/p>\n<div class=\"pvc_clear\"><\/div>\n","protected":false},"author":1,"featured_media":0,"comment_status":"open","ping_status":"open","sticky":false,"template":"","format":"standard","meta":{"footnotes":""},"categories":[5],"tags":[163,8,52],"a3_pvc":{"activated":true,"total_views":137,"today_views":0},"_links":{"self":[{"href":"http:\/\/www.al-adala.de\/Neu\/wp-json\/wp\/v2\/posts\/204"}],"collection":[{"href":"http:\/\/www.al-adala.de\/Neu\/wp-json\/wp\/v2\/posts"}],"about":[{"href":"http:\/\/www.al-adala.de\/Neu\/wp-json\/wp\/v2\/types\/post"}],"author":[{"embeddable":true,"href":"http:\/\/www.al-adala.de\/Neu\/wp-json\/wp\/v2\/users\/1"}],"replies":[{"embeddable":true,"href":"http:\/\/www.al-adala.de\/Neu\/wp-json\/wp\/v2\/comments?post=204"}],"version-history":[{"count":1,"href":"http:\/\/www.al-adala.de\/Neu\/wp-json\/wp\/v2\/posts\/204\/revisions"}],"predecessor-version":[{"id":205,"href":"http:\/\/www.al-adala.de\/Neu\/wp-json\/wp\/v2\/posts\/204\/revisions\/205"}],"wp:attachment":[{"href":"http:\/\/www.al-adala.de\/Neu\/wp-json\/wp\/v2\/media?parent=204"}],"wp:term":[{"taxonomy":"category","embeddable":true,"href":"http:\/\/www.al-adala.de\/Neu\/wp-json\/wp\/v2\/categories?post=204"},{"taxonomy":"post_tag","embeddable":true,"href":"http:\/\/www.al-adala.de\/Neu\/wp-json\/wp\/v2\/tags?post=204"}],"curies":[{"name":"wp","href":"https:\/\/api.w.org\/{rel}","templated":true}]}}