{"id":206,"date":"2011-05-25T20:19:19","date_gmt":"2011-05-25T20:19:19","guid":{"rendered":"http:\/\/www.al-adala.de\/Neu\/?p=206"},"modified":"2015-02-02T20:22:31","modified_gmt":"2015-02-02T20:22:31","slug":"auszug-spiegel-ehrenmord-an-osama-bin-laden-voelkerrechtlich-umstritten","status":"publish","type":"post","link":"http:\/\/www.al-adala.de\/Neu\/auszug-spiegel-ehrenmord-an-osama-bin-laden-voelkerrechtlich-umstritten\/","title":{"rendered":"Auszug: SPIEGEL &#8211; Ehrenmord an Osama bin Laden v\u00f6lkerrechtlich umstritten"},"content":{"rendered":"<blockquote>\n<div style=\"text-align: justify;\">&#8222;Sie durften ihn t\u00f6ten, wenn Bin Laden wirklich ihr Feind war. Doch abseits aller Rhetorik des Wei\u00dfen Hauses ist diese Frage wom\u00f6glich zu verneinen. Zum Feind und damit zum legitimen Ziel t\u00f6dlicher Sch\u00fcsse macht das V\u00f6lkerrecht nur jene Menschen, die in einem Krieg als organisierte K\u00e4mpfer agieren oder im Hintergrund die Befehle geben. Alle anderen Personen am Rande der Schlachtfelder, und seien sie noch so m\u00f6rderisch, gelten als Zivilisten &#8211; ihre absichtliche T\u00f6tung ist verboten.<\/div>\n<div style=\"text-align: justify;\"><span style=\"color: #ffffff;\">.<\/span><\/div>\n<div style=\"text-align: justify;\">Ob sich die unendliche Jagd auf das Oberhaupt der globalen Terrorbande noch immer als Krieg einordnen l\u00e4sst, in dem das Gesetz des T\u00f6tens gilt, wird inzwischen von einer Mehrzahl der V\u00f6lkerrechtler bezweifelt. Terrorismusexperten halten al-Qaida f\u00fcr ein eher locker verkn\u00fcpftes Netzwerk des B\u00f6sen, und ein Netzwerk, so folgern die Juristen, ist als Kriegspartei untauglich. [&#8230;]<\/div>\n<div style=\"text-align: justify;\"><span style=\"color: #ffffff;\">.<\/span><br \/>\nEin &#8222;Feind&#8220; im Sinne des Kriegsrechts war der Fl\u00fcchtling von Abbottabad kaum, viel spricht daf\u00fcr, dass er &#8211; wie alle Zivilisten, seien sie auch Verbrecher &#8211; den Schutz des Menschenrechts auf Leben f\u00fcr sich beanspruchen konnte. Im Krieg wie im Frieden gilt: Vergeltung f\u00fcr schweres Unrecht, wie es dem Top-Terroristen zur Last zu legen ist, geschieht, so V\u00f6lkerrechtler Claus Kre\u00df, &#8222;nicht durch summarische Hinrichtungen, sondern durch Verhaftung, Verurteilung, Bestrafung&#8220; &#8211; und sei es auch, wie in Amerika, durch die Todesstrafe.&#8220;<\/div>\n<div style=\"text-align: justify;\"><span style=\"color: #ffffff;\">.<\/span><\/div>\n<div style=\"text-align: justify;\">(DER SPIEGEL Nr. 19 \/ 17.5.11 \/ Seite 91)<\/div>\n<\/blockquote>\n<div class=\"pvc_clear\"><\/div>\n<p id=\"pvc_stats_206\" class=\"pvc_stats all  \" data-element-id=\"206\" style=\"\"><i class=\"pvc-stats-icon medium\" aria-hidden=\"true\"><svg aria-hidden=\"true\" focusable=\"false\" data-prefix=\"far\" data-icon=\"chart-bar\" role=\"img\" xmlns=\"http:\/\/www.w3.org\/2000\/svg\" viewBox=\"0 0 512 512\" class=\"svg-inline--fa fa-chart-bar fa-w-16 fa-2x\"><path fill=\"currentColor\" d=\"M396.8 352h22.4c6.4 0 12.8-6.4 12.8-12.8V108.8c0-6.4-6.4-12.8-12.8-12.8h-22.4c-6.4 0-12.8 6.4-12.8 12.8v230.4c0 6.4 6.4 12.8 12.8 12.8zm-192 0h22.4c6.4 0 12.8-6.4 12.8-12.8V140.8c0-6.4-6.4-12.8-12.8-12.8h-22.4c-6.4 0-12.8 6.4-12.8 12.8v198.4c0 6.4 6.4 12.8 12.8 12.8zm96 0h22.4c6.4 0 12.8-6.4 12.8-12.8V204.8c0-6.4-6.4-12.8-12.8-12.8h-22.4c-6.4 0-12.8 6.4-12.8 12.8v134.4c0 6.4 6.4 12.8 12.8 12.8zM496 400H48V80c0-8.84-7.16-16-16-16H16C7.16 64 0 71.16 0 80v336c0 17.67 14.33 32 32 32h464c8.84 0 16-7.16 16-16v-16c0-8.84-7.16-16-16-16zm-387.2-48h22.4c6.4 0 12.8-6.4 12.8-12.8v-70.4c0-6.4-6.4-12.8-12.8-12.8h-22.4c-6.4 0-12.8 6.4-12.8 12.8v70.4c0 6.4 6.4 12.8 12.8 12.8z\" class=\"\"><\/path><\/svg><\/i> <img loading=\"lazy\" decoding=\"async\" width=\"16\" height=\"16\" alt=\"Loading\" src=\"http:\/\/www.al-adala.de\/Neu\/wp-content\/plugins\/page-views-count\/ajax-loader-2x.gif\" border=0 \/><\/p>\n<div class=\"pvc_clear\"><\/div>\n","protected":false},"excerpt":{"rendered":"<p>&#8222;Sie durften ihn t\u00f6ten, wenn Bin Laden wirklich ihr Feind war. Doch abseits aller Rhetorik des Wei\u00dfen Hauses ist diese Frage wom\u00f6glich zu verneinen. Zum Feind und damit zum legitimen Ziel t\u00f6dlicher Sch\u00fcsse macht das V\u00f6lkerrecht nur jene Menschen, die in einem Krieg als organisierte K\u00e4mpfer agieren oder im Hintergrund die Befehle geben. Alle anderen &hellip; <a href=\"http:\/\/www.al-adala.de\/Neu\/auszug-spiegel-ehrenmord-an-osama-bin-laden-voelkerrechtlich-umstritten\/\" class=\"more-link\"><span class=\"screen-reader-text\">Auszug: SPIEGEL &#8211; Ehrenmord an Osama bin Laden v\u00f6lkerrechtlich umstritten<\/span> weiterlesen <span class=\"meta-nav\">&rarr;<\/span><\/a><\/p>\n<div class=\"pvc_clear\"><\/div>\n<p id=\"pvc_stats_206\" class=\"pvc_stats all  \" data-element-id=\"206\" style=\"\"><i class=\"pvc-stats-icon medium\" aria-hidden=\"true\"><svg aria-hidden=\"true\" focusable=\"false\" data-prefix=\"far\" data-icon=\"chart-bar\" role=\"img\" xmlns=\"http:\/\/www.w3.org\/2000\/svg\" viewBox=\"0 0 512 512\" class=\"svg-inline--fa fa-chart-bar fa-w-16 fa-2x\"><path fill=\"currentColor\" d=\"M396.8 352h22.4c6.4 0 12.8-6.4 12.8-12.8V108.8c0-6.4-6.4-12.8-12.8-12.8h-22.4c-6.4 0-12.8 6.4-12.8 12.8v230.4c0 6.4 6.4 12.8 12.8 12.8zm-192 0h22.4c6.4 0 12.8-6.4 12.8-12.8V140.8c0-6.4-6.4-12.8-12.8-12.8h-22.4c-6.4 0-12.8 6.4-12.8 12.8v198.4c0 6.4 6.4 12.8 12.8 12.8zm96 0h22.4c6.4 0 12.8-6.4 12.8-12.8V204.8c0-6.4-6.4-12.8-12.8-12.8h-22.4c-6.4 0-12.8 6.4-12.8 12.8v134.4c0 6.4 6.4 12.8 12.8 12.8zM496 400H48V80c0-8.84-7.16-16-16-16H16C7.16 64 0 71.16 0 80v336c0 17.67 14.33 32 32 32h464c8.84 0 16-7.16 16-16v-16c0-8.84-7.16-16-16-16zm-387.2-48h22.4c6.4 0 12.8-6.4 12.8-12.8v-70.4c0-6.4-6.4-12.8-12.8-12.8h-22.4c-6.4 0-12.8 6.4-12.8 12.8v70.4c0 6.4 6.4 12.8 12.8 12.8z\" class=\"\"><\/path><\/svg><\/i> <img loading=\"lazy\" decoding=\"async\" width=\"16\" height=\"16\" alt=\"Loading\" src=\"http:\/\/www.al-adala.de\/Neu\/wp-content\/plugins\/page-views-count\/ajax-loader-2x.gif\" border=0 \/><\/p>\n<div class=\"pvc_clear\"><\/div>\n","protected":false},"author":1,"featured_media":0,"comment_status":"open","ping_status":"open","sticky":false,"template":"","format":"standard","meta":{"footnotes":""},"categories":[5],"tags":[117,118,116,115,119],"a3_pvc":{"activated":true,"total_views":119,"today_views":0},"_links":{"self":[{"href":"http:\/\/www.al-adala.de\/Neu\/wp-json\/wp\/v2\/posts\/206"}],"collection":[{"href":"http:\/\/www.al-adala.de\/Neu\/wp-json\/wp\/v2\/posts"}],"about":[{"href":"http:\/\/www.al-adala.de\/Neu\/wp-json\/wp\/v2\/types\/post"}],"author":[{"embeddable":true,"href":"http:\/\/www.al-adala.de\/Neu\/wp-json\/wp\/v2\/users\/1"}],"replies":[{"embeddable":true,"href":"http:\/\/www.al-adala.de\/Neu\/wp-json\/wp\/v2\/comments?post=206"}],"version-history":[{"count":1,"href":"http:\/\/www.al-adala.de\/Neu\/wp-json\/wp\/v2\/posts\/206\/revisions"}],"predecessor-version":[{"id":207,"href":"http:\/\/www.al-adala.de\/Neu\/wp-json\/wp\/v2\/posts\/206\/revisions\/207"}],"wp:attachment":[{"href":"http:\/\/www.al-adala.de\/Neu\/wp-json\/wp\/v2\/media?parent=206"}],"wp:term":[{"taxonomy":"category","embeddable":true,"href":"http:\/\/www.al-adala.de\/Neu\/wp-json\/wp\/v2\/categories?post=206"},{"taxonomy":"post_tag","embeddable":true,"href":"http:\/\/www.al-adala.de\/Neu\/wp-json\/wp\/v2\/tags?post=206"}],"curies":[{"name":"wp","href":"https:\/\/api.w.org\/{rel}","templated":true}]}}