{"id":2178,"date":"2014-08-06T06:12:57","date_gmt":"2014-08-06T06:12:57","guid":{"rendered":"http:\/\/www.al-adala.de\/Neu\/?p=2178"},"modified":"2015-10-06T07:20:22","modified_gmt":"2015-10-06T07:20:22","slug":"heute-im-briefkasten-ew-leserbrief-und-vorladung-vom-lka","status":"publish","type":"post","link":"http:\/\/www.al-adala.de\/Neu\/heute-im-briefkasten-ew-leserbrief-und-vorladung-vom-lka\/","title":{"rendered":"Heute im Briefkasten: EW-Leserbrief und Vorladung vom LKA"},"content":{"rendered":"<p><em>von Yahya ibn Rainer<\/em><\/p>\n<p style=\"text-align: justify;\">Wie einige meiner Leser vielleicht mitbekommen haben, richtete ich am 30.07.2014 einen <a href=\"http:\/\/www.al-adala.de\/Neu\/?p=2176\" target=\"_blank\">Offenen Brief an die Journalistin <em>Anna S.<\/em> vom <em>Elbe Wochenblatt<\/em><\/a>. Ich beschwerte mich \u00fcber die Hetze, in die das Stadtteil-Blatt mit einstieg, und die dreiste L\u00fcge \u00fcber den angeblichen HartzIV-Bezug von Pierre Vogel, der k\u00fcrzlich zu uns nach Hamburg-Wilhelmsburg gezogen war.<\/p>\n<p style=\"text-align: justify;\">Erfreulicherweise war Frau <em>S.<\/em> sehr aufgeschlossen und bot mir, nach einer Kontaktaufnahme meinerseits, direkt an eine gek\u00fcrzte Version des Offenen Briefes in der n\u00e4chsten Ausgabe abzudrucken; allerdings unter der Vorgabe, dass mein kompletter Name genannt wird. Ich stimmte nach kurzem Bedenken zu und war heute also voller froher Erwartung ob des abgedruckten Leserbriefes.<\/p>\n<p style=\"text-align: justify;\"><!--more-->Und siehe da, wie jeden Mittwoch lag das kostenlose <em>Elbe Wochenblatt<\/em> bereits mittags in unserem Briefkasten und hatte sogar einen Untermieter im Briefkasten mit aufgenommen. Aber erstmal zum Leserbrief:<\/p>\n<p style=\"text-align: justify;\"><a href=\"http:\/\/www.al-adala.de\/Neu\/wp-content\/uploads\/2015\/09\/EW_Leserbrief.jpg\"><img loading=\"lazy\" decoding=\"async\" class=\"alignnone size-full wp-image-2179\" src=\"http:\/\/www.al-adala.de\/Neu\/wp-content\/uploads\/2015\/09\/EW_Leserbrief.jpg\" alt=\"EW_Leserbrief\" width=\"732\" height=\"462\" srcset=\"http:\/\/www.al-adala.de\/Neu\/wp-content\/uploads\/2015\/09\/EW_Leserbrief.jpg 732w, http:\/\/www.al-adala.de\/Neu\/wp-content\/uploads\/2015\/09\/EW_Leserbrief-300x189.jpg 300w\" sizes=\"(max-width: 732px) 100vw, 732px\" \/><\/a><\/p>\n<p style=\"text-align: justify;\">Eine feine und anst\u00e4ndige Geste, obwohl ich nicht glaube, dass dieser Leserbrief wirklich etwas an der \u00f6ffentlichen Wahrnehmung \u00e4ndern wird. Vielleicht wird man aber zumindest in Wilhelmsburg zuk\u00fcnftig ein wenig vorsichtiger sein mit Mutma\u00dfungen und Vermutungen und sich bei der Berichterstattung auf Tatsachen berufen.<\/p>\n<p>Aber nun zum Untermieter im Briefkasten.<\/p>\n<p style=\"text-align: justify;\">Dem <em>Elbe Wochenblatt<\/em> lag n\u00e4mlich eine Postsendung bei, wie ich sie nicht alle Tage zugestellt bekomme. Es ist schon recht verd\u00e4chtig, dass ich \u00fcber Jahre hinweg keinerlei Probleme mit Kriminalbeh\u00f6rden habe (immerhin bin ich ein gesetzestreuer B\u00fcrger), aber just in dem Moment, als ich \u00f6ffentlich und namentlich in Erscheinung trete und einen &#8222;Salafisten&#8220; gegen falsche Anschuldigungen verteidige, auf einmal eine Vorladung des Landeskriminalamtes (LKA) im Briefkasten finde, direkt als Beilage zum EW.<\/p>\n<p style=\"text-align: justify;\">Und damit nicht genug, denn der Grund f\u00fcr diese Vorladung ist haarstr\u00e4ubend und, h\u00e4tte ich es nicht mit eigenen Augen gelesen, unglaublich.<\/p>\n<blockquote>\n<p style=\"text-align: justify;\">&#8222;&#8230; die Polizei ermittelt zurzeit gegen Sie wegen folgender Straftat: Illegaler Besitz, Erwerb oder \u00dcberlassen von Kriegswaffen &#8230;&#8220;<\/p>\n<\/blockquote>\n<p><a href=\"http:\/\/www.al-adala.de\/Neu\/wp-content\/uploads\/2015\/09\/Vorladung.jpg\"><img loading=\"lazy\" decoding=\"async\" class=\"alignnone size-full wp-image-2180\" src=\"http:\/\/www.al-adala.de\/Neu\/wp-content\/uploads\/2015\/09\/Vorladung.jpg\" alt=\"Vorladung\" width=\"593\" height=\"545\" srcset=\"http:\/\/www.al-adala.de\/Neu\/wp-content\/uploads\/2015\/09\/Vorladung.jpg 593w, http:\/\/www.al-adala.de\/Neu\/wp-content\/uploads\/2015\/09\/Vorladung-300x276.jpg 300w\" sizes=\"(max-width: 593px) 100vw, 593px\" \/><\/a><\/p>\n<p style=\"text-align: justify;\">Da wird doch der Hund in der Pfanne verr\u00fcckt, oder???<\/p>\n<p style=\"text-align: justify;\">Ich mag da nicht an einen Zufall glauben. Dass m\u00fcffelt verd\u00e4chtig nach Einsch\u00fcchterung oder Schikane. Oder was meint ihr? Wenn die Staatsdiener vom LKA tats\u00e4chlich einen begr\u00fcndeten Verdacht h\u00e4tten, dass ich im Besitz von echten Kriegswaffen sei, w\u00fcrden sie dann wirklich in aller Ruhe einen unverbindlichen Termin f\u00fcr die n\u00e4chste Woche erbitten?<\/p>\n<p style=\"text-align: justify;\">Nein! Die wissen ganz genau dass ich keine Kriegswaffen besitze oder \u00fcberlasse, sondern lediglich eine legale und frei erwerbliche Dekowaffe mein Eigen nenne.<\/p>\n<p style=\"text-align: justify;\">Wer auch immer sich hier die M\u00fche gemacht hat mich anzupflaumen soll wissen, dass ich mich von so etwas nicht einsch\u00fcchtern lasse, sondern es als Ansporn verstehe, denn wer zu solchen Mittel greift ist frei von glaubw\u00fcrdigen Argumenten und verdient einfach keinen Sieg auf diesem Schlachtfeld der Menschlichkeit.<\/p>\n<div class=\"pvc_clear\"><\/div>\n<p id=\"pvc_stats_2178\" class=\"pvc_stats all  \" data-element-id=\"2178\" style=\"\"><i class=\"pvc-stats-icon medium\" aria-hidden=\"true\"><svg aria-hidden=\"true\" focusable=\"false\" data-prefix=\"far\" data-icon=\"chart-bar\" role=\"img\" xmlns=\"http:\/\/www.w3.org\/2000\/svg\" viewBox=\"0 0 512 512\" class=\"svg-inline--fa fa-chart-bar fa-w-16 fa-2x\"><path fill=\"currentColor\" d=\"M396.8 352h22.4c6.4 0 12.8-6.4 12.8-12.8V108.8c0-6.4-6.4-12.8-12.8-12.8h-22.4c-6.4 0-12.8 6.4-12.8 12.8v230.4c0 6.4 6.4 12.8 12.8 12.8zm-192 0h22.4c6.4 0 12.8-6.4 12.8-12.8V140.8c0-6.4-6.4-12.8-12.8-12.8h-22.4c-6.4 0-12.8 6.4-12.8 12.8v198.4c0 6.4 6.4 12.8 12.8 12.8zm96 0h22.4c6.4 0 12.8-6.4 12.8-12.8V204.8c0-6.4-6.4-12.8-12.8-12.8h-22.4c-6.4 0-12.8 6.4-12.8 12.8v134.4c0 6.4 6.4 12.8 12.8 12.8zM496 400H48V80c0-8.84-7.16-16-16-16H16C7.16 64 0 71.16 0 80v336c0 17.67 14.33 32 32 32h464c8.84 0 16-7.16 16-16v-16c0-8.84-7.16-16-16-16zm-387.2-48h22.4c6.4 0 12.8-6.4 12.8-12.8v-70.4c0-6.4-6.4-12.8-12.8-12.8h-22.4c-6.4 0-12.8 6.4-12.8 12.8v70.4c0 6.4 6.4 12.8 12.8 12.8z\" class=\"\"><\/path><\/svg><\/i> <img loading=\"lazy\" decoding=\"async\" width=\"16\" height=\"16\" alt=\"Loading\" src=\"http:\/\/www.al-adala.de\/Neu\/wp-content\/plugins\/page-views-count\/ajax-loader-2x.gif\" border=0 \/><\/p>\n<div class=\"pvc_clear\"><\/div>\n","protected":false},"excerpt":{"rendered":"<p>von Yahya ibn Rainer Wie einige meiner Leser vielleicht mitbekommen haben, richtete ich am 30.07.2014 einen Offenen Brief an die Journalistin Anna S. vom Elbe Wochenblatt. Ich beschwerte mich \u00fcber die Hetze, in die das Stadtteil-Blatt mit einstieg, und die dreiste L\u00fcge \u00fcber den angeblichen HartzIV-Bezug von Pierre Vogel, der k\u00fcrzlich zu uns nach Hamburg-Wilhelmsburg &hellip; <a href=\"http:\/\/www.al-adala.de\/Neu\/heute-im-briefkasten-ew-leserbrief-und-vorladung-vom-lka\/\" class=\"more-link\"><span class=\"screen-reader-text\">Heute im Briefkasten: EW-Leserbrief und Vorladung vom LKA<\/span> weiterlesen <span class=\"meta-nav\">&rarr;<\/span><\/a><\/p>\n<div class=\"pvc_clear\"><\/div>\n<p id=\"pvc_stats_2178\" class=\"pvc_stats all  \" data-element-id=\"2178\" style=\"\"><i class=\"pvc-stats-icon medium\" aria-hidden=\"true\"><svg aria-hidden=\"true\" focusable=\"false\" data-prefix=\"far\" data-icon=\"chart-bar\" role=\"img\" xmlns=\"http:\/\/www.w3.org\/2000\/svg\" viewBox=\"0 0 512 512\" class=\"svg-inline--fa fa-chart-bar fa-w-16 fa-2x\"><path fill=\"currentColor\" d=\"M396.8 352h22.4c6.4 0 12.8-6.4 12.8-12.8V108.8c0-6.4-6.4-12.8-12.8-12.8h-22.4c-6.4 0-12.8 6.4-12.8 12.8v230.4c0 6.4 6.4 12.8 12.8 12.8zm-192 0h22.4c6.4 0 12.8-6.4 12.8-12.8V140.8c0-6.4-6.4-12.8-12.8-12.8h-22.4c-6.4 0-12.8 6.4-12.8 12.8v198.4c0 6.4 6.4 12.8 12.8 12.8zm96 0h22.4c6.4 0 12.8-6.4 12.8-12.8V204.8c0-6.4-6.4-12.8-12.8-12.8h-22.4c-6.4 0-12.8 6.4-12.8 12.8v134.4c0 6.4 6.4 12.8 12.8 12.8zM496 400H48V80c0-8.84-7.16-16-16-16H16C7.16 64 0 71.16 0 80v336c0 17.67 14.33 32 32 32h464c8.84 0 16-7.16 16-16v-16c0-8.84-7.16-16-16-16zm-387.2-48h22.4c6.4 0 12.8-6.4 12.8-12.8v-70.4c0-6.4-6.4-12.8-12.8-12.8h-22.4c-6.4 0-12.8 6.4-12.8 12.8v70.4c0 6.4 6.4 12.8 12.8 12.8z\" class=\"\"><\/path><\/svg><\/i> <img loading=\"lazy\" decoding=\"async\" width=\"16\" height=\"16\" alt=\"Loading\" src=\"http:\/\/www.al-adala.de\/Neu\/wp-content\/plugins\/page-views-count\/ajax-loader-2x.gif\" border=0 \/><\/p>\n<div class=\"pvc_clear\"><\/div>\n","protected":false},"author":1,"featured_media":0,"comment_status":"open","ping_status":"open","sticky":false,"template":"","format":"standard","meta":{"footnotes":""},"categories":[1],"tags":[660,476,477,537,344,659],"a3_pvc":{"activated":true,"total_views":1067,"today_views":0},"_links":{"self":[{"href":"http:\/\/www.al-adala.de\/Neu\/wp-json\/wp\/v2\/posts\/2178"}],"collection":[{"href":"http:\/\/www.al-adala.de\/Neu\/wp-json\/wp\/v2\/posts"}],"about":[{"href":"http:\/\/www.al-adala.de\/Neu\/wp-json\/wp\/v2\/types\/post"}],"author":[{"embeddable":true,"href":"http:\/\/www.al-adala.de\/Neu\/wp-json\/wp\/v2\/users\/1"}],"replies":[{"embeddable":true,"href":"http:\/\/www.al-adala.de\/Neu\/wp-json\/wp\/v2\/comments?post=2178"}],"version-history":[{"count":2,"href":"http:\/\/www.al-adala.de\/Neu\/wp-json\/wp\/v2\/posts\/2178\/revisions"}],"predecessor-version":[{"id":2195,"href":"http:\/\/www.al-adala.de\/Neu\/wp-json\/wp\/v2\/posts\/2178\/revisions\/2195"}],"wp:attachment":[{"href":"http:\/\/www.al-adala.de\/Neu\/wp-json\/wp\/v2\/media?parent=2178"}],"wp:term":[{"taxonomy":"category","embeddable":true,"href":"http:\/\/www.al-adala.de\/Neu\/wp-json\/wp\/v2\/categories?post=2178"},{"taxonomy":"post_tag","embeddable":true,"href":"http:\/\/www.al-adala.de\/Neu\/wp-json\/wp\/v2\/tags?post=2178"}],"curies":[{"name":"wp","href":"https:\/\/api.w.org\/{rel}","templated":true}]}}