{"id":2571,"date":"2016-02-25T10:49:46","date_gmt":"2016-02-25T10:49:46","guid":{"rendered":"http:\/\/www.al-adala.de\/Neu\/?p=2571"},"modified":"2016-03-01T18:35:25","modified_gmt":"2016-03-01T18:35:25","slug":"auszug-ewa-zajaczkowska-wo-waren-denn-die-deutschen-maenner","status":"publish","type":"post","link":"http:\/\/www.al-adala.de\/Neu\/auszug-ewa-zajaczkowska-wo-waren-denn-die-deutschen-maenner\/","title":{"rendered":"Auszug: Ewa Zajaczkowska &#8211; Wo waren denn die deutschen M\u00e4nner?"},"content":{"rendered":"<p style=\"text-align: justify;\">Man kann zu dieser Aussage von Frau <em>Zajaczkowska<\/em> inhaltlich stehen wie man will. Vor allem die plakative Verallgemeinerung &#8222;<span style=\"text-decoration: underline;\">von den Muslimen<\/span>&#8220; ist sicherlich unreflektiert <em>&#8211; wir reden bei den Horden von Auto- &amp; Altmetalldieben aus Polen ja auch nicht von <span style=\"text-decoration: underline;\">den Katholiken<\/span> &#8211;<\/em>, aber der letzte Satz regt auf jeden Fall zum Gr\u00fcbeln an.<\/p>\n<blockquote>\n<p style=\"text-align: justify;\">\u00ab[Es] scheint mir, dass sich die Deutschen im Zuge der allgegenw\u00e4rtigen Propaganda einer Gehirnw\u00e4sche unterzogen und von ihren traditionellen, konservativen Werten verabschiedet haben, sodass ein neuer Typus des modernen Deutschen entstanden ist, der f\u00fcr alles Toleranz aufbringt und die Multikulti-Politik unterst\u00fctzt.<\/p>\n<p style=\"text-align: justify;\">Sinnbildlich hierf\u00fcr sind die Frauen, die am K\u00f6lner Hauptbahnhof bel\u00e4stigt und vergewaltigt worden sind, aber schon wenige Tage sp\u00e4ter mit Blumen in den H\u00e4nden weitere Fl\u00fcchtlinge begr\u00fc\u00dften. Das zeigt doch nur, wie grotesk und dumm eine Politik der f\u00fcr alle offenen Grenzen ist. Au\u00dferdem frage ich mich: <span style=\"text-decoration: underline;\">Wo waren denn die deutschen M\u00e4nner, als ihre Frauen von den Muslimen beraubt und vergewaltigt worden sind?<\/span>\u00bb<\/p>\n<\/blockquote>\n<p style=\"text-align: justify; padding-left: 30px;\">[Ewa Zajaczkowska, studierte Lehrerin f\u00fcr Geschichte und Sozialkunde sowie f\u00fchrendes Mitglied der polnischen <a href=\"https:\/\/de.wikipedia.org\/wiki\/Koalicja_Odnowy_Rzeczypospolitej_Wolno%C5%9B%C4%87_i_Nadzieja\" target=\"_blank\">KORWiN-Partei<\/a> (<i>Koalition der Erneuerung der Republik Freiheit und Hoffnung<\/i>) in einem Interview mit dem Magazin <em>eigent\u00fcmlich frei<\/em>, <a href=\"http:\/\/ef-magazin.de\/archiv\/ef\/160\/inhalt.html\" target=\"_blank\">Nr. 160<\/a>, Seite 37]<\/p>\n<div class=\"pvc_clear\"><\/div>\n<p id=\"pvc_stats_2571\" class=\"pvc_stats all  \" data-element-id=\"2571\" style=\"\"><i class=\"pvc-stats-icon medium\" aria-hidden=\"true\"><svg aria-hidden=\"true\" focusable=\"false\" data-prefix=\"far\" data-icon=\"chart-bar\" role=\"img\" xmlns=\"http:\/\/www.w3.org\/2000\/svg\" viewBox=\"0 0 512 512\" class=\"svg-inline--fa fa-chart-bar fa-w-16 fa-2x\"><path fill=\"currentColor\" d=\"M396.8 352h22.4c6.4 0 12.8-6.4 12.8-12.8V108.8c0-6.4-6.4-12.8-12.8-12.8h-22.4c-6.4 0-12.8 6.4-12.8 12.8v230.4c0 6.4 6.4 12.8 12.8 12.8zm-192 0h22.4c6.4 0 12.8-6.4 12.8-12.8V140.8c0-6.4-6.4-12.8-12.8-12.8h-22.4c-6.4 0-12.8 6.4-12.8 12.8v198.4c0 6.4 6.4 12.8 12.8 12.8zm96 0h22.4c6.4 0 12.8-6.4 12.8-12.8V204.8c0-6.4-6.4-12.8-12.8-12.8h-22.4c-6.4 0-12.8 6.4-12.8 12.8v134.4c0 6.4 6.4 12.8 12.8 12.8zM496 400H48V80c0-8.84-7.16-16-16-16H16C7.16 64 0 71.16 0 80v336c0 17.67 14.33 32 32 32h464c8.84 0 16-7.16 16-16v-16c0-8.84-7.16-16-16-16zm-387.2-48h22.4c6.4 0 12.8-6.4 12.8-12.8v-70.4c0-6.4-6.4-12.8-12.8-12.8h-22.4c-6.4 0-12.8 6.4-12.8 12.8v70.4c0 6.4 6.4 12.8 12.8 12.8z\" class=\"\"><\/path><\/svg><\/i> <img loading=\"lazy\" decoding=\"async\" width=\"16\" height=\"16\" alt=\"Loading\" src=\"http:\/\/www.al-adala.de\/Neu\/wp-content\/plugins\/page-views-count\/ajax-loader-2x.gif\" border=0 \/><\/p>\n<div class=\"pvc_clear\"><\/div>\n","protected":false},"excerpt":{"rendered":"<p>Man kann zu dieser Aussage von Frau Zajaczkowska inhaltlich stehen wie man will. Vor allem die plakative Verallgemeinerung &#8222;von den Muslimen&#8220; ist sicherlich unreflektiert &#8211; wir reden bei den Horden von Auto- &amp; Altmetalldieben aus Polen ja auch nicht von den Katholiken &#8211;, aber der letzte Satz regt auf jeden Fall zum Gr\u00fcbeln an. \u00ab[Es] &hellip; <a href=\"http:\/\/www.al-adala.de\/Neu\/auszug-ewa-zajaczkowska-wo-waren-denn-die-deutschen-maenner\/\" class=\"more-link\"><span class=\"screen-reader-text\">Auszug: Ewa Zajaczkowska &#8211; Wo waren denn die deutschen M\u00e4nner?<\/span> weiterlesen <span class=\"meta-nav\">&rarr;<\/span><\/a><\/p>\n<div class=\"pvc_clear\"><\/div>\n<p id=\"pvc_stats_2571\" class=\"pvc_stats all  \" data-element-id=\"2571\" style=\"\"><i class=\"pvc-stats-icon medium\" aria-hidden=\"true\"><svg aria-hidden=\"true\" focusable=\"false\" data-prefix=\"far\" data-icon=\"chart-bar\" role=\"img\" xmlns=\"http:\/\/www.w3.org\/2000\/svg\" viewBox=\"0 0 512 512\" class=\"svg-inline--fa fa-chart-bar fa-w-16 fa-2x\"><path fill=\"currentColor\" d=\"M396.8 352h22.4c6.4 0 12.8-6.4 12.8-12.8V108.8c0-6.4-6.4-12.8-12.8-12.8h-22.4c-6.4 0-12.8 6.4-12.8 12.8v230.4c0 6.4 6.4 12.8 12.8 12.8zm-192 0h22.4c6.4 0 12.8-6.4 12.8-12.8V140.8c0-6.4-6.4-12.8-12.8-12.8h-22.4c-6.4 0-12.8 6.4-12.8 12.8v198.4c0 6.4 6.4 12.8 12.8 12.8zm96 0h22.4c6.4 0 12.8-6.4 12.8-12.8V204.8c0-6.4-6.4-12.8-12.8-12.8h-22.4c-6.4 0-12.8 6.4-12.8 12.8v134.4c0 6.4 6.4 12.8 12.8 12.8zM496 400H48V80c0-8.84-7.16-16-16-16H16C7.16 64 0 71.16 0 80v336c0 17.67 14.33 32 32 32h464c8.84 0 16-7.16 16-16v-16c0-8.84-7.16-16-16-16zm-387.2-48h22.4c6.4 0 12.8-6.4 12.8-12.8v-70.4c0-6.4-6.4-12.8-12.8-12.8h-22.4c-6.4 0-12.8 6.4-12.8 12.8v70.4c0 6.4 6.4 12.8 12.8 12.8z\" class=\"\"><\/path><\/svg><\/i> <img loading=\"lazy\" decoding=\"async\" width=\"16\" height=\"16\" alt=\"Loading\" src=\"http:\/\/www.al-adala.de\/Neu\/wp-content\/plugins\/page-views-count\/ajax-loader-2x.gif\" border=0 \/><\/p>\n<div class=\"pvc_clear\"><\/div>\n","protected":false},"author":1,"featured_media":0,"comment_status":"open","ping_status":"open","sticky":false,"template":"","format":"standard","meta":{"footnotes":""},"categories":[1],"tags":[26,152,23,161,416,731,241],"a3_pvc":{"activated":true,"total_views":2062,"today_views":0},"_links":{"self":[{"href":"http:\/\/www.al-adala.de\/Neu\/wp-json\/wp\/v2\/posts\/2571"}],"collection":[{"href":"http:\/\/www.al-adala.de\/Neu\/wp-json\/wp\/v2\/posts"}],"about":[{"href":"http:\/\/www.al-adala.de\/Neu\/wp-json\/wp\/v2\/types\/post"}],"author":[{"embeddable":true,"href":"http:\/\/www.al-adala.de\/Neu\/wp-json\/wp\/v2\/users\/1"}],"replies":[{"embeddable":true,"href":"http:\/\/www.al-adala.de\/Neu\/wp-json\/wp\/v2\/comments?post=2571"}],"version-history":[{"count":4,"href":"http:\/\/www.al-adala.de\/Neu\/wp-json\/wp\/v2\/posts\/2571\/revisions"}],"predecessor-version":[{"id":2578,"href":"http:\/\/www.al-adala.de\/Neu\/wp-json\/wp\/v2\/posts\/2571\/revisions\/2578"}],"wp:attachment":[{"href":"http:\/\/www.al-adala.de\/Neu\/wp-json\/wp\/v2\/media?parent=2571"}],"wp:term":[{"taxonomy":"category","embeddable":true,"href":"http:\/\/www.al-adala.de\/Neu\/wp-json\/wp\/v2\/categories?post=2571"},{"taxonomy":"post_tag","embeddable":true,"href":"http:\/\/www.al-adala.de\/Neu\/wp-json\/wp\/v2\/tags?post=2571"}],"curies":[{"name":"wp","href":"https:\/\/api.w.org\/{rel}","templated":true}]}}