{"id":3293,"date":"2018-04-12T09:00:15","date_gmt":"2018-04-12T09:00:15","guid":{"rendered":"http:\/\/www.al-adala.de\/Neu\/?p=3293"},"modified":"2018-04-12T09:00:15","modified_gmt":"2018-04-12T09:00:15","slug":"kurz-gesagt-ist-das-kopftuch-bei-kindern-eine-sexualisierung","status":"publish","type":"post","link":"http:\/\/www.al-adala.de\/Neu\/kurz-gesagt-ist-das-kopftuch-bei-kindern-eine-sexualisierung\/","title":{"rendered":"Kurz gesagt: Ist das Kopftuch bei Kindern eine Sexualisierung?"},"content":{"rendered":"<div id=\"js_4\" class=\"_5pbx userContent _22jv _3576\" data-ft=\"{&quot;tn&quot;:&quot;K&quot;}\">\n<p style=\"text-align: justify;\">Unsere kleine Tochter Jenna Luise ist jetzt 2 Jahre alt und beginnt langsam ihre Eltern in vielen Alltagssituationen zu imitieren. So hat sie bspw. beobachtet, dass wir uns gegenseitig die Schuhe bringen, wenn wir vorhaben gemeinsam raus zu gehen. Sobald sie also das Gef\u00fchl bekommt, dass wir uns bereit machen das Haus zu verlassen, st\u00fcrmt sie sofort los und bringt meiner Frau und mir die Schuhe.<\/p>\n<p style=\"text-align: justify;\">Sie hat jetzt auch einen Puppen-Kinderwagen bekommen, den sie in der Wohnung bereits flei\u00dfig spazieren f\u00e4hrt, ebenso wie es ihre Mutter oder ihr Vater mit ihrem Kinderwagen tut.<\/p>\n<p style=\"text-align: justify;\">Und auch das Gebet, welches bis zu 5 mal am Tag in der Wohnung verrichtet wird, m\u00f6chte sie schon mitmachen. Hierzu reicht es ihr nicht aus, dass wir ihr einen kleinen Gebetsteppich ausbreiten, nein, sie m\u00f6chte auch (genauso wie Mama) einen Hijab tragen, also ein weites Gewand mit Kopftuch.<\/p>\n<p style=\"text-align: justify;\">Bei uns zu Hause ist das etwas so normales, diesen W\u00fcnschen unserer kleinen Tochter nachzukommen, und niemals w\u00e4ren wir auf die Idee gekommen, dass dies einer Sexualisierung unseres kleinen Lieblings gleichkommen w\u00fcrde &#8211; wie es k\u00fcrzlich die Staatssekret\u00e4rin Serap G\u00fcler (CDU) in den Medien behauptete.<\/p>\n<p style=\"text-align: justify;\">Die Verk\u00fcrzung religi\u00f6ser Handlungen auf einen zwingenden weltlichen Sinn ist eine oberfl\u00e4chliche Erscheinung. Viele Dinge tun wir Muslime auch einfach nur, weil es ein Gottesdienst ist. Hierzu geh\u00f6rt das rituelle Gebet ebenso wie das Tragen religi\u00f6ser Kleidung.<\/p>\n<p style=\"text-align: justify;\">Beides (Gebet und Hijab) ist f\u00fcr unsere kleine 2-j\u00e4hrige Jenna Luise keine religi\u00f6se Pflicht, das ist aber kein Grund f\u00fcr uns, ihr diese Gottesdienste zu verwehren. Wenn sie uns imitieren und mitbeten m\u00f6chte, dann sei ihr das erlaubt, und wir freuen uns sogar sehr dar\u00fcber. Und wenn sie dabei wie ihre Mutter aussehen m\u00f6chte, n\u00e4mlich mit Hijab, warum sollten wir ihr das verbieten?<\/p>\n<p style=\"text-align: justify;\">Und sie sieht sooo s\u00fc\u00df aus mit dem Kopftuch &#8211; und dabei denkt keiner von uns an Sex oder \u00e4hnliches, Gott bewahre, das ist eine b\u00f6se Unterstellung.<\/p>\n<\/div>\n<div class=\"pvc_clear\"><\/div>\n<p id=\"pvc_stats_3293\" class=\"pvc_stats all  \" data-element-id=\"3293\" style=\"\"><i class=\"pvc-stats-icon medium\" aria-hidden=\"true\"><svg aria-hidden=\"true\" focusable=\"false\" data-prefix=\"far\" data-icon=\"chart-bar\" role=\"img\" xmlns=\"http:\/\/www.w3.org\/2000\/svg\" viewBox=\"0 0 512 512\" class=\"svg-inline--fa fa-chart-bar fa-w-16 fa-2x\"><path fill=\"currentColor\" d=\"M396.8 352h22.4c6.4 0 12.8-6.4 12.8-12.8V108.8c0-6.4-6.4-12.8-12.8-12.8h-22.4c-6.4 0-12.8 6.4-12.8 12.8v230.4c0 6.4 6.4 12.8 12.8 12.8zm-192 0h22.4c6.4 0 12.8-6.4 12.8-12.8V140.8c0-6.4-6.4-12.8-12.8-12.8h-22.4c-6.4 0-12.8 6.4-12.8 12.8v198.4c0 6.4 6.4 12.8 12.8 12.8zm96 0h22.4c6.4 0 12.8-6.4 12.8-12.8V204.8c0-6.4-6.4-12.8-12.8-12.8h-22.4c-6.4 0-12.8 6.4-12.8 12.8v134.4c0 6.4 6.4 12.8 12.8 12.8zM496 400H48V80c0-8.84-7.16-16-16-16H16C7.16 64 0 71.16 0 80v336c0 17.67 14.33 32 32 32h464c8.84 0 16-7.16 16-16v-16c0-8.84-7.16-16-16-16zm-387.2-48h22.4c6.4 0 12.8-6.4 12.8-12.8v-70.4c0-6.4-6.4-12.8-12.8-12.8h-22.4c-6.4 0-12.8 6.4-12.8 12.8v70.4c0 6.4 6.4 12.8 12.8 12.8z\" class=\"\"><\/path><\/svg><\/i> <img loading=\"lazy\" decoding=\"async\" width=\"16\" height=\"16\" alt=\"Loading\" src=\"http:\/\/www.al-adala.de\/Neu\/wp-content\/plugins\/page-views-count\/ajax-loader-2x.gif\" border=0 \/><\/p>\n<div class=\"pvc_clear\"><\/div>\n","protected":false},"excerpt":{"rendered":"<p>Unsere kleine Tochter Jenna Luise ist jetzt 2 Jahre alt und beginnt langsam ihre Eltern in vielen Alltagssituationen zu imitieren. So hat sie bspw. beobachtet, dass wir uns gegenseitig die Schuhe bringen, wenn wir vorhaben gemeinsam raus zu gehen. Sobald sie also das Gef\u00fchl bekommt, dass wir uns bereit machen das Haus zu verlassen, st\u00fcrmt &hellip; <a href=\"http:\/\/www.al-adala.de\/Neu\/kurz-gesagt-ist-das-kopftuch-bei-kindern-eine-sexualisierung\/\" class=\"more-link\"><span class=\"screen-reader-text\">Kurz gesagt: Ist das Kopftuch bei Kindern eine Sexualisierung?<\/span> weiterlesen <span class=\"meta-nav\">&rarr;<\/span><\/a><\/p>\n<div class=\"pvc_clear\"><\/div>\n<p id=\"pvc_stats_3293\" class=\"pvc_stats all  \" data-element-id=\"3293\" style=\"\"><i class=\"pvc-stats-icon medium\" aria-hidden=\"true\"><svg aria-hidden=\"true\" focusable=\"false\" data-prefix=\"far\" data-icon=\"chart-bar\" role=\"img\" xmlns=\"http:\/\/www.w3.org\/2000\/svg\" viewBox=\"0 0 512 512\" class=\"svg-inline--fa fa-chart-bar fa-w-16 fa-2x\"><path fill=\"currentColor\" d=\"M396.8 352h22.4c6.4 0 12.8-6.4 12.8-12.8V108.8c0-6.4-6.4-12.8-12.8-12.8h-22.4c-6.4 0-12.8 6.4-12.8 12.8v230.4c0 6.4 6.4 12.8 12.8 12.8zm-192 0h22.4c6.4 0 12.8-6.4 12.8-12.8V140.8c0-6.4-6.4-12.8-12.8-12.8h-22.4c-6.4 0-12.8 6.4-12.8 12.8v198.4c0 6.4 6.4 12.8 12.8 12.8zm96 0h22.4c6.4 0 12.8-6.4 12.8-12.8V204.8c0-6.4-6.4-12.8-12.8-12.8h-22.4c-6.4 0-12.8 6.4-12.8 12.8v134.4c0 6.4 6.4 12.8 12.8 12.8zM496 400H48V80c0-8.84-7.16-16-16-16H16C7.16 64 0 71.16 0 80v336c0 17.67 14.33 32 32 32h464c8.84 0 16-7.16 16-16v-16c0-8.84-7.16-16-16-16zm-387.2-48h22.4c6.4 0 12.8-6.4 12.8-12.8v-70.4c0-6.4-6.4-12.8-12.8-12.8h-22.4c-6.4 0-12.8 6.4-12.8 12.8v70.4c0 6.4 6.4 12.8 12.8 12.8z\" class=\"\"><\/path><\/svg><\/i> <img loading=\"lazy\" decoding=\"async\" width=\"16\" height=\"16\" alt=\"Loading\" src=\"http:\/\/www.al-adala.de\/Neu\/wp-content\/plugins\/page-views-count\/ajax-loader-2x.gif\" border=0 \/><\/p>\n<div class=\"pvc_clear\"><\/div>\n","protected":false},"author":1,"featured_media":0,"comment_status":"open","ping_status":"open","sticky":false,"template":"","format":"standard","meta":{"footnotes":""},"categories":[1],"tags":[886,690,483,426,105,102,548,197],"a3_pvc":{"activated":true,"total_views":508,"today_views":0},"_links":{"self":[{"href":"http:\/\/www.al-adala.de\/Neu\/wp-json\/wp\/v2\/posts\/3293"}],"collection":[{"href":"http:\/\/www.al-adala.de\/Neu\/wp-json\/wp\/v2\/posts"}],"about":[{"href":"http:\/\/www.al-adala.de\/Neu\/wp-json\/wp\/v2\/types\/post"}],"author":[{"embeddable":true,"href":"http:\/\/www.al-adala.de\/Neu\/wp-json\/wp\/v2\/users\/1"}],"replies":[{"embeddable":true,"href":"http:\/\/www.al-adala.de\/Neu\/wp-json\/wp\/v2\/comments?post=3293"}],"version-history":[{"count":1,"href":"http:\/\/www.al-adala.de\/Neu\/wp-json\/wp\/v2\/posts\/3293\/revisions"}],"predecessor-version":[{"id":3294,"href":"http:\/\/www.al-adala.de\/Neu\/wp-json\/wp\/v2\/posts\/3293\/revisions\/3294"}],"wp:attachment":[{"href":"http:\/\/www.al-adala.de\/Neu\/wp-json\/wp\/v2\/media?parent=3293"}],"wp:term":[{"taxonomy":"category","embeddable":true,"href":"http:\/\/www.al-adala.de\/Neu\/wp-json\/wp\/v2\/categories?post=3293"},{"taxonomy":"post_tag","embeddable":true,"href":"http:\/\/www.al-adala.de\/Neu\/wp-json\/wp\/v2\/tags?post=3293"}],"curies":[{"name":"wp","href":"https:\/\/api.w.org\/{rel}","templated":true}]}}