{"id":832,"date":"2014-01-20T18:34:19","date_gmt":"2014-01-20T18:34:19","guid":{"rendered":"http:\/\/www.al-adala.de\/Neu\/?p=832"},"modified":"2015-02-17T18:37:13","modified_gmt":"2015-02-17T18:37:13","slug":"buchauszug-leopold-weiss-die-realitaet-des-muslimischen-lebens","status":"publish","type":"post","link":"http:\/\/www.al-adala.de\/Neu\/buchauszug-leopold-weiss-die-realitaet-des-muslimischen-lebens\/","title":{"rendered":"Buchauszug: Leopold Weiss &#8211; Die Realit\u00e4t des muslimischen Lebens"},"content":{"rendered":"<blockquote>\n<p style=\"text-align: justify;\">&#8222;Die Realit\u00e4t des muslimischen Lebens scheint heute sehr weit entfernt zu sein von den optimalen M\u00f6glichkeiten, wie sie in den religi\u00f6sen Lehren des Islam angelegt sind. Alles, was im Islam Fortschritt und Bewegung war, wandelte sich unter den Muslimen zu Tr\u00e4gheit und Stagnation; was fr\u00fcher Edelmut und Bereitschaft zur Selbstaufopferung war, ist heute unter den Muslimen zu Engstirnigkeit und Genusssucht verkommen.<\/p>\n<p style=\"text-align: justify;\"><!--more-->Ich war so verbl\u00fcfft \u00fcber das offensichtliche Missverst\u00e4ndnis zwischen einst und jetzt, dass ich versuchte, mich dem Problem von einem vertrauteren Gesichtspunkt zu n\u00e4hern; anders ausgedr\u00fcckt: Ich stellte mir vor, ich geh\u00f6re zum Kreis des Islam. Es war ein rein geistiges Experiment; und sehr schnell erkannte ich die richtige L\u00f6sung. Ich begriff, dass es nur einen einzigen Grund f\u00fcr den sozialen und kulturellen Verfall der Muslime gab: Sie hatten immer mehr aufgeh\u00f6rt, den Lehren des Islams auch im Geiste zu folgen. Der Islam war immer noch da; aber war ein K\u00f6rper ohne Seele. Gerade das Urelement, das einst die muslimische Welt stark machte, war nun f\u00fcr ihre Schw\u00e4che verantwortlich. Die islamische Gesellschaft stand von Anfang an allein auf religi\u00f6sen Fundamenten und die Schw\u00e4chung dieser Grundlage schw\u00e4chte notwendigerweise auch die kulturelle Struktur; m\u00f6glicherweise war dies auch der Grund daf\u00fcr, dass sich diese endg\u00fcltig aufl\u00f6ste.<\/p>\n<p style=\"text-align: justify;\">Je mehr ich verstand, wie konkret und immens lebensnah die Lehren des Islam sind, desto dr\u00e4ngender fragte ich, warum die Muslime aufgeh\u00f6rt hatten, seine Lehren im realen Leben anzuwenden. Ich er\u00f6rterte diese Frage mit vielen denkenden Muslimen in fast allen L\u00e4ndern zwischen der Libyschen W\u00fcste und dem Pamir, zwischen dem Bosporus und dem arabischen Meer. Das Problem wurde fast zu einer Besessenheit, die am Ende all meine anderen geistigen Interessen in der Welt des Islam in den Schatten stellt. Das Fragen wurde immer nachdr\u00fccklicher &#8211; bis ich, ein Nichtmuslim, zu Muslimen sprach, als w\u00fcrde ich den Islam vor ihrer Nachl\u00e4ssigkeit und Tr\u00e4gheit verteidigen. Diese Entwicklung nahm ich nicht wahr, bis eines Tages &#8211; es war im Herbst 1925 in den Bergen Afghanistans &#8211; ein junger Provinzgouverneur zu mir sagte: &#8222;Aber du bist ein Muslim, nur du selbst wei\u00dft es nicht.&#8220; Ich war von diesen Worten betroffen und schwieg. Aber als ich im Jahre 1926 wieder nach Europa zur\u00fcckkam, erkannte ich, dass es nur eine logische Konsequenz aus meinem Verhalten geben konnte: den Islam anzunehmen.&#8220;<\/p>\n<p style=\"text-align: justify;\">(<a href=\"http:\/\/de.wikipedia.org\/wiki\/Muhammad_Asad\" target=\"_blank\">Leopold Weiss<\/a> &#8211; Islam am Scheideweg, Edition Bukhara, Seite 20-21)<\/p>\n<\/blockquote>\n<div class=\"pvc_clear\"><\/div>\n<p id=\"pvc_stats_832\" class=\"pvc_stats all  \" data-element-id=\"832\" style=\"\"><i class=\"pvc-stats-icon medium\" aria-hidden=\"true\"><svg aria-hidden=\"true\" focusable=\"false\" data-prefix=\"far\" data-icon=\"chart-bar\" role=\"img\" xmlns=\"http:\/\/www.w3.org\/2000\/svg\" viewBox=\"0 0 512 512\" class=\"svg-inline--fa fa-chart-bar fa-w-16 fa-2x\"><path fill=\"currentColor\" d=\"M396.8 352h22.4c6.4 0 12.8-6.4 12.8-12.8V108.8c0-6.4-6.4-12.8-12.8-12.8h-22.4c-6.4 0-12.8 6.4-12.8 12.8v230.4c0 6.4 6.4 12.8 12.8 12.8zm-192 0h22.4c6.4 0 12.8-6.4 12.8-12.8V140.8c0-6.4-6.4-12.8-12.8-12.8h-22.4c-6.4 0-12.8 6.4-12.8 12.8v198.4c0 6.4 6.4 12.8 12.8 12.8zm96 0h22.4c6.4 0 12.8-6.4 12.8-12.8V204.8c0-6.4-6.4-12.8-12.8-12.8h-22.4c-6.4 0-12.8 6.4-12.8 12.8v134.4c0 6.4 6.4 12.8 12.8 12.8zM496 400H48V80c0-8.84-7.16-16-16-16H16C7.16 64 0 71.16 0 80v336c0 17.67 14.33 32 32 32h464c8.84 0 16-7.16 16-16v-16c0-8.84-7.16-16-16-16zm-387.2-48h22.4c6.4 0 12.8-6.4 12.8-12.8v-70.4c0-6.4-6.4-12.8-12.8-12.8h-22.4c-6.4 0-12.8 6.4-12.8 12.8v70.4c0 6.4 6.4 12.8 12.8 12.8z\" class=\"\"><\/path><\/svg><\/i> <img loading=\"lazy\" decoding=\"async\" width=\"16\" height=\"16\" alt=\"Loading\" src=\"http:\/\/www.al-adala.de\/Neu\/wp-content\/plugins\/page-views-count\/ajax-loader-2x.gif\" border=0 \/><\/p>\n<div class=\"pvc_clear\"><\/div>\n","protected":false},"excerpt":{"rendered":"<p>&#8222;Die Realit\u00e4t des muslimischen Lebens scheint heute sehr weit entfernt zu sein von den optimalen M\u00f6glichkeiten, wie sie in den religi\u00f6sen Lehren des Islam angelegt sind. Alles, was im Islam Fortschritt und Bewegung war, wandelte sich unter den Muslimen zu Tr\u00e4gheit und Stagnation; was fr\u00fcher Edelmut und Bereitschaft zur Selbstaufopferung war, ist heute unter den &hellip; <a href=\"http:\/\/www.al-adala.de\/Neu\/buchauszug-leopold-weiss-die-realitaet-des-muslimischen-lebens\/\" class=\"more-link\"><span class=\"screen-reader-text\">Buchauszug: Leopold Weiss &#8211; Die Realit\u00e4t des muslimischen Lebens<\/span> weiterlesen <span class=\"meta-nav\">&rarr;<\/span><\/a><\/p>\n<div class=\"pvc_clear\"><\/div>\n<p id=\"pvc_stats_832\" class=\"pvc_stats all  \" data-element-id=\"832\" style=\"\"><i class=\"pvc-stats-icon medium\" aria-hidden=\"true\"><svg aria-hidden=\"true\" focusable=\"false\" data-prefix=\"far\" data-icon=\"chart-bar\" role=\"img\" xmlns=\"http:\/\/www.w3.org\/2000\/svg\" viewBox=\"0 0 512 512\" class=\"svg-inline--fa fa-chart-bar fa-w-16 fa-2x\"><path fill=\"currentColor\" d=\"M396.8 352h22.4c6.4 0 12.8-6.4 12.8-12.8V108.8c0-6.4-6.4-12.8-12.8-12.8h-22.4c-6.4 0-12.8 6.4-12.8 12.8v230.4c0 6.4 6.4 12.8 12.8 12.8zm-192 0h22.4c6.4 0 12.8-6.4 12.8-12.8V140.8c0-6.4-6.4-12.8-12.8-12.8h-22.4c-6.4 0-12.8 6.4-12.8 12.8v198.4c0 6.4 6.4 12.8 12.8 12.8zm96 0h22.4c6.4 0 12.8-6.4 12.8-12.8V204.8c0-6.4-6.4-12.8-12.8-12.8h-22.4c-6.4 0-12.8 6.4-12.8 12.8v134.4c0 6.4 6.4 12.8 12.8 12.8zM496 400H48V80c0-8.84-7.16-16-16-16H16C7.16 64 0 71.16 0 80v336c0 17.67 14.33 32 32 32h464c8.84 0 16-7.16 16-16v-16c0-8.84-7.16-16-16-16zm-387.2-48h22.4c6.4 0 12.8-6.4 12.8-12.8v-70.4c0-6.4-6.4-12.8-12.8-12.8h-22.4c-6.4 0-12.8 6.4-12.8 12.8v70.4c0 6.4 6.4 12.8 12.8 12.8z\" class=\"\"><\/path><\/svg><\/i> <img loading=\"lazy\" decoding=\"async\" width=\"16\" height=\"16\" alt=\"Loading\" src=\"http:\/\/www.al-adala.de\/Neu\/wp-content\/plugins\/page-views-count\/ajax-loader-2x.gif\" border=0 \/><\/p>\n<div class=\"pvc_clear\"><\/div>\n","protected":false},"author":1,"featured_media":0,"comment_status":"open","ping_status":"open","sticky":false,"template":"","format":"standard","meta":{"footnotes":""},"categories":[5],"tags":[58,44,244,27,436,327,34],"a3_pvc":{"activated":true,"total_views":64,"today_views":0},"_links":{"self":[{"href":"http:\/\/www.al-adala.de\/Neu\/wp-json\/wp\/v2\/posts\/832"}],"collection":[{"href":"http:\/\/www.al-adala.de\/Neu\/wp-json\/wp\/v2\/posts"}],"about":[{"href":"http:\/\/www.al-adala.de\/Neu\/wp-json\/wp\/v2\/types\/post"}],"author":[{"embeddable":true,"href":"http:\/\/www.al-adala.de\/Neu\/wp-json\/wp\/v2\/users\/1"}],"replies":[{"embeddable":true,"href":"http:\/\/www.al-adala.de\/Neu\/wp-json\/wp\/v2\/comments?post=832"}],"version-history":[{"count":1,"href":"http:\/\/www.al-adala.de\/Neu\/wp-json\/wp\/v2\/posts\/832\/revisions"}],"predecessor-version":[{"id":833,"href":"http:\/\/www.al-adala.de\/Neu\/wp-json\/wp\/v2\/posts\/832\/revisions\/833"}],"wp:attachment":[{"href":"http:\/\/www.al-adala.de\/Neu\/wp-json\/wp\/v2\/media?parent=832"}],"wp:term":[{"taxonomy":"category","embeddable":true,"href":"http:\/\/www.al-adala.de\/Neu\/wp-json\/wp\/v2\/categories?post=832"},{"taxonomy":"post_tag","embeddable":true,"href":"http:\/\/www.al-adala.de\/Neu\/wp-json\/wp\/v2\/tags?post=832"}],"curies":[{"name":"wp","href":"https:\/\/api.w.org\/{rel}","templated":true}]}}