{"id":891,"date":"2014-03-04T13:40:53","date_gmt":"2014-03-04T13:40:53","guid":{"rendered":"http:\/\/www.al-adala.de\/Neu\/?p=891"},"modified":"2015-02-18T13:42:47","modified_gmt":"2015-02-18T13:42:47","slug":"zitat-ludwig-ferdinand-clauss-dann-saegt-er-den-ast-ab-auf-den-ihn-gott-selber-gesetzt-hat","status":"publish","type":"post","link":"http:\/\/www.al-adala.de\/Neu\/zitat-ludwig-ferdinand-clauss-dann-saegt-er-den-ast-ab-auf-den-ihn-gott-selber-gesetzt-hat\/","title":{"rendered":"Zitat: Ludwig Ferdinand Clau\u00df &#8211; &#8230; dann s\u00e4gt er den Ast ab, auf den ihn Gott selber gesetzt hat"},"content":{"rendered":"<blockquote>\n<p style=\"text-align: justify;\">&#8222;Der Geist der Mechanei lacht \u00fcber die M\u00f6glichkeit eines Gottesstaates, in dem Gott selber herrscht und der Mensch sich als Gottes Volk wei\u00df. Zwar liegt dieser Plan auch im Judentume beschlossen, und \u00fcber dieses lacht niemand. Nur eben: wer wei\u00df das? Das Judentum spricht heute nicht mehr davon. Was aber wird der Islam tun? Wenn er den Willen zum Gottesstaat, der in ihm liegt, verleugnet, um so westlich wie der Westen zu sein, dann s\u00e4gt er den Ast ab, auf den ihn &#8211; nach seinem eigenen Entwurfe &#8211; Gott selber gesetzt hat.&#8220;<\/p>\n<p style=\"text-align: justify;\">(Prof. Dr. phil.\u00a0<a href=\"http:\/\/einestages.spiegel.de\/static\/topicalbumbackground\/4338\/der_deutsche_scheich.html\" target=\"_blank\">Ludwig Ferdinand Clau\u00df<\/a>, Die Weltstunde des Islams, \u00a9 1963, Seite 94)<\/p>\n<\/blockquote>\n<div class=\"pvc_clear\"><\/div>\n<p id=\"pvc_stats_891\" class=\"pvc_stats all  \" data-element-id=\"891\" style=\"\"><i class=\"pvc-stats-icon medium\" aria-hidden=\"true\"><svg aria-hidden=\"true\" focusable=\"false\" data-prefix=\"far\" data-icon=\"chart-bar\" role=\"img\" xmlns=\"http:\/\/www.w3.org\/2000\/svg\" viewBox=\"0 0 512 512\" class=\"svg-inline--fa fa-chart-bar fa-w-16 fa-2x\"><path fill=\"currentColor\" d=\"M396.8 352h22.4c6.4 0 12.8-6.4 12.8-12.8V108.8c0-6.4-6.4-12.8-12.8-12.8h-22.4c-6.4 0-12.8 6.4-12.8 12.8v230.4c0 6.4 6.4 12.8 12.8 12.8zm-192 0h22.4c6.4 0 12.8-6.4 12.8-12.8V140.8c0-6.4-6.4-12.8-12.8-12.8h-22.4c-6.4 0-12.8 6.4-12.8 12.8v198.4c0 6.4 6.4 12.8 12.8 12.8zm96 0h22.4c6.4 0 12.8-6.4 12.8-12.8V204.8c0-6.4-6.4-12.8-12.8-12.8h-22.4c-6.4 0-12.8 6.4-12.8 12.8v134.4c0 6.4 6.4 12.8 12.8 12.8zM496 400H48V80c0-8.84-7.16-16-16-16H16C7.16 64 0 71.16 0 80v336c0 17.67 14.33 32 32 32h464c8.84 0 16-7.16 16-16v-16c0-8.84-7.16-16-16-16zm-387.2-48h22.4c6.4 0 12.8-6.4 12.8-12.8v-70.4c0-6.4-6.4-12.8-12.8-12.8h-22.4c-6.4 0-12.8 6.4-12.8 12.8v70.4c0 6.4 6.4 12.8 12.8 12.8z\" class=\"\"><\/path><\/svg><\/i> <img loading=\"lazy\" decoding=\"async\" width=\"16\" height=\"16\" alt=\"Loading\" src=\"http:\/\/www.al-adala.de\/Neu\/wp-content\/plugins\/page-views-count\/ajax-loader-2x.gif\" border=0 \/><\/p>\n<div class=\"pvc_clear\"><\/div>\n","protected":false},"excerpt":{"rendered":"<p>&#8222;Der Geist der Mechanei lacht \u00fcber die M\u00f6glichkeit eines Gottesstaates, in dem Gott selber herrscht und der Mensch sich als Gottes Volk wei\u00df. Zwar liegt dieser Plan auch im Judentume beschlossen, und \u00fcber dieses lacht niemand. Nur eben: wer wei\u00df das? Das Judentum spricht heute nicht mehr davon. Was aber wird der Islam tun? Wenn &hellip; <a href=\"http:\/\/www.al-adala.de\/Neu\/zitat-ludwig-ferdinand-clauss-dann-saegt-er-den-ast-ab-auf-den-ihn-gott-selber-gesetzt-hat\/\" class=\"more-link\"><span class=\"screen-reader-text\">Zitat: Ludwig Ferdinand Clau\u00df &#8211; &#8230; dann s\u00e4gt er den Ast ab, auf den ihn Gott selber gesetzt hat<\/span> weiterlesen <span class=\"meta-nav\">&rarr;<\/span><\/a><\/p>\n<div class=\"pvc_clear\"><\/div>\n<p id=\"pvc_stats_891\" class=\"pvc_stats all  \" data-element-id=\"891\" style=\"\"><i class=\"pvc-stats-icon medium\" aria-hidden=\"true\"><svg aria-hidden=\"true\" focusable=\"false\" data-prefix=\"far\" data-icon=\"chart-bar\" role=\"img\" xmlns=\"http:\/\/www.w3.org\/2000\/svg\" viewBox=\"0 0 512 512\" class=\"svg-inline--fa fa-chart-bar fa-w-16 fa-2x\"><path fill=\"currentColor\" d=\"M396.8 352h22.4c6.4 0 12.8-6.4 12.8-12.8V108.8c0-6.4-6.4-12.8-12.8-12.8h-22.4c-6.4 0-12.8 6.4-12.8 12.8v230.4c0 6.4 6.4 12.8 12.8 12.8zm-192 0h22.4c6.4 0 12.8-6.4 12.8-12.8V140.8c0-6.4-6.4-12.8-12.8-12.8h-22.4c-6.4 0-12.8 6.4-12.8 12.8v198.4c0 6.4 6.4 12.8 12.8 12.8zm96 0h22.4c6.4 0 12.8-6.4 12.8-12.8V204.8c0-6.4-6.4-12.8-12.8-12.8h-22.4c-6.4 0-12.8 6.4-12.8 12.8v134.4c0 6.4 6.4 12.8 12.8 12.8zM496 400H48V80c0-8.84-7.16-16-16-16H16C7.16 64 0 71.16 0 80v336c0 17.67 14.33 32 32 32h464c8.84 0 16-7.16 16-16v-16c0-8.84-7.16-16-16-16zm-387.2-48h22.4c6.4 0 12.8-6.4 12.8-12.8v-70.4c0-6.4-6.4-12.8-12.8-12.8h-22.4c-6.4 0-12.8 6.4-12.8 12.8v70.4c0 6.4 6.4 12.8 12.8 12.8z\" class=\"\"><\/path><\/svg><\/i> <img loading=\"lazy\" decoding=\"async\" width=\"16\" height=\"16\" alt=\"Loading\" src=\"http:\/\/www.al-adala.de\/Neu\/wp-content\/plugins\/page-views-count\/ajax-loader-2x.gif\" border=0 \/><\/p>\n<div class=\"pvc_clear\"><\/div>\n","protected":false},"author":1,"featured_media":0,"comment_status":"open","ping_status":"open","sticky":false,"template":"","format":"standard","meta":{"footnotes":""},"categories":[5],"tags":[8,451,49,94,457,52],"a3_pvc":{"activated":true,"total_views":178,"today_views":1},"_links":{"self":[{"href":"http:\/\/www.al-adala.de\/Neu\/wp-json\/wp\/v2\/posts\/891"}],"collection":[{"href":"http:\/\/www.al-adala.de\/Neu\/wp-json\/wp\/v2\/posts"}],"about":[{"href":"http:\/\/www.al-adala.de\/Neu\/wp-json\/wp\/v2\/types\/post"}],"author":[{"embeddable":true,"href":"http:\/\/www.al-adala.de\/Neu\/wp-json\/wp\/v2\/users\/1"}],"replies":[{"embeddable":true,"href":"http:\/\/www.al-adala.de\/Neu\/wp-json\/wp\/v2\/comments?post=891"}],"version-history":[{"count":1,"href":"http:\/\/www.al-adala.de\/Neu\/wp-json\/wp\/v2\/posts\/891\/revisions"}],"predecessor-version":[{"id":892,"href":"http:\/\/www.al-adala.de\/Neu\/wp-json\/wp\/v2\/posts\/891\/revisions\/892"}],"wp:attachment":[{"href":"http:\/\/www.al-adala.de\/Neu\/wp-json\/wp\/v2\/media?parent=891"}],"wp:term":[{"taxonomy":"category","embeddable":true,"href":"http:\/\/www.al-adala.de\/Neu\/wp-json\/wp\/v2\/categories?post=891"},{"taxonomy":"post_tag","embeddable":true,"href":"http:\/\/www.al-adala.de\/Neu\/wp-json\/wp\/v2\/tags?post=891"}],"curies":[{"name":"wp","href":"https:\/\/api.w.org\/{rel}","templated":true}]}}